{"id":988,"date":"1836-02-16T15:22:27","date_gmt":"1836-02-16T15:22:27","guid":{"rendered":"http:\/\/legishca.umh.es\/?p=988"},"modified":"2018-12-04T09:54:09","modified_gmt":"2018-12-04T09:54:09","slug":"real-orden-16-febreo-1836-sobre-celebraciones-publicas","status":"publish","type":"post","link":"https:\/\/legishca.umh.es\/en\/1836\/02\/16\/real-orden-16-febreo-1836-sobre-celebraciones-publicas\/","title":{"rendered":"1836-02-16 Orden Sobre Celebraciones Publicas"},"content":{"rendered":"<table width=\"690\" border=\"1\" cellspacing=\"0\" cellpadding=\"0\" align=\"left\">\n<tbody>\n<tr>\n<td rowspan=\"11\" valign=\"top\" width=\"173\">\u00a0<a href=\"http:\/\/legishca.umh.es\/files\/2014\/07\/5x44-Real-Orden-16-Febreo-1836-Sobre-Celebraciones-Publicas.jpg\"><img loading=\"lazy\" class=\"alignnone size-medium wp-image-989\" alt=\"5x44 - Real Orden 16 Febreo 1836 Sobre Celebraciones Publicas\" src=\"http:\/\/legishca.umh.es\/files\/2014\/07\/5x44-Real-Orden-16-Febreo-1836-Sobre-Celebraciones-Publicas-211x300.jpg\" width=\"180\" height=\"300\" \/><\/a><\/td>\n<td valign=\"top\" bgcolor=\"#e3e4e6\" width=\"180\">\u00a0<strong>Num. identificaci\u00f3n<\/strong><\/td>\n<td valign=\"top\" width=\"404\">\u00a05-65<\/td>\n<\/tr>\n<tr>\n<td valign=\"top\" bgcolor=\"#e3e4e6\" width=\"180\">\u00a0<strong>T\u00edtulo<\/strong><\/td>\n<td valign=\"top\" width=\"404\">Ceremonia de Corte<\/td>\n<\/tr>\n<tr>\n<td valign=\"top\" bgcolor=\"#e3e4e6\" width=\"180\">\u00a0<strong>Materia<\/strong><\/td>\n<td valign=\"top\" width=\"404\">Administraci\u00f3n de Justicia<\/td>\n<\/tr>\n<tr>\n<td bgcolor=\"#e3e4e6\" width=\"180\">\u00a0<strong>Voces<\/strong><\/td>\n<td width=\"404\">Celebraci\u00f3n P\u00fablica<\/td>\n<\/tr>\n<tr>\n<td valign=\"top\" bgcolor=\"#e3e4e6\" width=\"180\">\u00a0<strong>Texto<\/strong><\/td>\n<td valign=\"top\" width=\"404\">Real \u00f3rden relativa \u00e1 la celebraci\u00f3n en las provincias de la ceremonia llamada de corte \u00f3 besamanos.<\/td>\n<\/tr>\n<tr>\n<td valign=\"top\" bgcolor=\"#e3e4e6\" width=\"180\">\u00a0<strong>Tipo de norma<\/strong><\/td>\n<td valign=\"top\" width=\"404\">Real Orden<\/td>\n<\/tr>\n<tr>\n<td valign=\"top\" bgcolor=\"#e3e4e6\" width=\"180\">\u00a0<strong>Fecha de disposici\u00f3n<\/strong><\/td>\n<td valign=\"top\" width=\"404\">16-02-1836<\/td>\n<\/tr>\n<tr>\n<td valign=\"top\" bgcolor=\"#e3e4e6\" width=\"180\">\u00a0<strong>Instituci\u00f3n<\/strong><\/td>\n<td valign=\"top\" width=\"404\">Gobierno<\/td>\n<\/tr>\n<tr>\n<td valign=\"top\" bgcolor=\"#e3e4e6\" width=\"180\">\u00a0<strong>Fuente<\/strong><\/td>\n<td valign=\"top\" width=\"414\"><i>La Gazeta<\/i><\/td>\n<\/tr>\n<tr>\n<td valign=\"top\" bgcolor=\"#e3e4e6\" width=\"180\">\u00a0<strong>Documento<\/strong><\/td>\n<td valign=\"top\" width=\"404\"><a href=\"https:\/\/drive.google.com\/file\/d\/0B27DzfbcyPNBd2MyM05kb2JYN2M\/edit?usp=sharing\">\u00a0Enlace<\/a><\/td>\n<\/tr>\n<tr>\n<td valign=\"top\" bgcolor=\"#e3e4e6\" width=\"180\">\u00a0<strong>Debate Parlamentario<\/strong><\/td>\n<td valign=\"top\" width=\"404\">\u00a0<a href=\"https:\/\/docs.google.com\/a\/goumh.umh.es\/forms\/d\/1JfS8UtGfTNU5PK8n6wONnQb-3lLs09_U4udCOip_HY4\/viewform\" target=\"_blank\">Enlace<\/a><\/td>\n<\/tr>\n<\/tbody>\n<\/table>","protected":false},"excerpt":{"rendered":"<p>\u00a0 \u00a0Num. identificaci\u00f3n \u00a05-65 \u00a0T\u00edtulo Ceremonia de Corte \u00a0Materia Administraci\u00f3n de Justicia \u00a0Voces Celebraci\u00f3n P\u00fablica \u00a0Texto Real \u00f3rden relativa \u00e1 la celebraci\u00f3n en las provincias de la ceremonia llamada de corte \u00f3 besamanos. \u00a0Tipo de norma Real Orden \u00a0Fecha de disposici\u00f3n 16-02-1836 \u00a0Instituci\u00f3n Gobierno \u00a0Fuente La Gazeta \u00a0Documento \u00a0Enlace \u00a0Debate Parlamentario \u00a0Enlace<\/p>\n","protected":false},"author":50,"featured_media":0,"comment_status":"closed","ping_status":"open","sticky":false,"template":"","format":"standard","meta":{"_et_pb_use_builder":"","_et_pb_old_content":"","_et_gb_content_width":"","_links_to":"","_links_to_target":""},"categories":[10],"tags":[627,649,632],"_links":{"self":[{"href":"https:\/\/legishca.umh.es\/en\/wp-json\/wp\/v2\/posts\/988"}],"collection":[{"href":"https:\/\/legishca.umh.es\/en\/wp-json\/wp\/v2\/posts"}],"about":[{"href":"https:\/\/legishca.umh.es\/en\/wp-json\/wp\/v2\/types\/post"}],"author":[{"embeddable":true,"href":"https:\/\/legishca.umh.es\/en\/wp-json\/wp\/v2\/users\/50"}],"replies":[{"embeddable":true,"href":"https:\/\/legishca.umh.es\/en\/wp-json\/wp\/v2\/comments?post=988"}],"version-history":[{"count":0,"href":"https:\/\/legishca.umh.es\/en\/wp-json\/wp\/v2\/posts\/988\/revisions"}],"wp:attachment":[{"href":"https:\/\/legishca.umh.es\/en\/wp-json\/wp\/v2\/media?parent=988"}],"wp:term":[{"taxonomy":"category","embeddable":true,"href":"https:\/\/legishca.umh.es\/en\/wp-json\/wp\/v2\/categories?post=988"},{"taxonomy":"post_tag","embeddable":true,"href":"https:\/\/legishca.umh.es\/en\/wp-json\/wp\/v2\/tags?post=988"}],"curies":[{"name":"wp","href":"https:\/\/api.w.org\/{rel}","templated":true}]}}