{"id":976,"date":"1835-10-06T14:45:28","date_gmt":"1835-10-06T14:45:28","guid":{"rendered":"http:\/\/legishca.umh.es\/?p=976"},"modified":"2018-12-04T09:50:02","modified_gmt":"2018-12-04T09:50:02","slug":"real-decreto-06-octubre-de-1835-requisitos-para-ocupar-plazas-de-jueces-letrados-y-ministros-togados","status":"publish","type":"post","link":"https:\/\/legishca.umh.es\/en\/1835\/10\/06\/real-decreto-06-octubre-de-1835-requisitos-para-ocupar-plazas-de-jueces-letrados-y-ministros-togados\/","title":{"rendered":"1835-10-06 Requisitos para ocupar plazas de jueces letrados y ministros togados"},"content":{"rendered":"\u00a0<\/p>\n<table width=\"690\" border=\"1\" cellspacing=\"0\" cellpadding=\"0\" align=\"left\">\n<tbody>\n<tr>\n<td rowspan=\"11\" valign=\"top\" width=\"173\">\u00a0<a href=\"http:\/\/legishca.umh.es\/files\/2014\/07\/5x40-Real-Decreto-6-Octubre-1835-Requisitos-para-ocupar-plazas-de-jueces-letrados-y-ministros-togados.jpg\"><img loading=\"lazy\" alt=\"5x40 - Real Decreto 6 Octubre 1835 Requisitos para ocupar plazas de jueces letrados y ministros togados\" src=\"http:\/\/legishca.umh.es\/files\/2014\/07\/5x40-Real-Decreto-6-Octubre-1835-Requisitos-para-ocupar-plazas-de-jueces-letrados-y-ministros-togados-211x300.jpg\" width=\"180\" height=\"300\" \/><\/a><\/td>\n<td valign=\"top\" bgcolor=\"#e3e4e6\" width=\"180\">\u00a0<strong>Num. identificaci\u00f3n<\/strong><\/td>\n<td valign=\"top\" width=\"404\">\u00a05-61<\/td>\n<\/tr>\n<tr>\n<td valign=\"top\" bgcolor=\"#e3e4e6\" width=\"180\">\u00a0<strong>T\u00edtulo<\/strong><\/td>\n<td valign=\"top\" width=\"404\">Requisitos para ocupar plazas de jueces letrados y ministros togados<\/td>\n<\/tr>\n<tr>\n<td valign=\"top\" bgcolor=\"#e3e4e6\" width=\"180\">\u00a0<strong>Materia<\/strong><\/td>\n<td valign=\"top\" width=\"404\">Administraci\u00f3n de Justicia<\/td>\n<\/tr>\n<tr>\n<td bgcolor=\"#e3e4e6\" width=\"180\">\u00a0<strong>Voces<\/strong><\/td>\n<td width=\"404\">Requisitos, Plazas, Jueces<\/td>\n<\/tr>\n<tr>\n<td valign=\"top\" bgcolor=\"#e3e4e6\" width=\"180\">\u00a0<strong>Texto<\/strong><\/td>\n<td valign=\"top\" width=\"404\">Real decreto disponiendo que en ning\u00fan caso se me propondr\u00e1n para las plazas de jueces letrados de primera instancia \u00f3 de promotores fiscales de sus juzgados sino abogados que hayan ejercido su profesi\u00f3n con estudio abierto por espacio de tres a\u00f1os al menos.<\/td>\n<\/tr>\n<tr>\n<td valign=\"top\" bgcolor=\"#e3e4e6\" width=\"180\">\u00a0<strong>Tipo de norma<\/strong><\/td>\n<td valign=\"top\" width=\"404\">Real Decreto<\/td>\n<\/tr>\n<tr>\n<td valign=\"top\" bgcolor=\"#e3e4e6\" width=\"180\">\u00a0<strong>Fecha de disposici\u00f3n<\/strong><\/td>\n<td valign=\"top\" width=\"404\">6-10-1835<\/td>\n<\/tr>\n<tr>\n<td valign=\"top\" bgcolor=\"#e3e4e6\" width=\"180\">\u00a0<strong>Instituci\u00f3n<\/strong><\/td>\n<td valign=\"top\" width=\"404\">Gobierno<\/td>\n<\/tr>\n<tr>\n<td valign=\"top\" bgcolor=\"#e3e4e6\" width=\"180\">\u00a0<strong>Fuente<\/strong><\/td>\n<td valign=\"top\" width=\"414\"><i>La Gazeta<\/i><\/td>\n<\/tr>\n<tr>\n<td valign=\"top\" bgcolor=\"#e3e4e6\" width=\"180\">\u00a0<strong>Documento<\/strong><\/td>\n<td valign=\"top\" width=\"404\"><a href=\"https:\/\/drive.google.com\/file\/d\/0B27DzfbcyPNBMFJKLWtReW5XeGc\/edit?usp=sharing\">\u00a0Enlace<\/a><\/td>\n<\/tr>\n<tr>\n<td valign=\"top\" bgcolor=\"#e3e4e6\" width=\"180\">\u00a0<strong>Debate Parlamentario<\/strong><\/td>\n<td valign=\"top\" width=\"404\">\u00a0<a href=\"https:\/\/docs.google.com\/a\/goumh.umh.es\/forms\/d\/1JfS8UtGfTNU5PK8n6wONnQb-3lLs09_U4udCOip_HY4\/viewform\" target=\"_blank\">Enlace<\/a><\/td>\n<\/tr>\n<\/tbody>\n<\/table>","protected":false},"excerpt":{"rendered":"<p>\u00a0 \u00a0 \u00a0Num. identificaci\u00f3n \u00a05-61 \u00a0T\u00edtulo Requisitos para ocupar plazas de jueces letrados y ministros togados \u00a0Materia Administraci\u00f3n de Justicia \u00a0Voces Requisitos, Plazas, Jueces \u00a0Texto Real decreto disponiendo que en ning\u00fan caso se me propondr\u00e1n para las plazas de jueces letrados de primera instancia \u00f3 de promotores fiscales de sus juzgados sino abogados que hayan [&hellip;]<\/p>\n","protected":false},"author":50,"featured_media":0,"comment_status":"closed","ping_status":"open","sticky":false,"template":"","format":"standard","meta":{"_et_pb_use_builder":"","_et_pb_old_content":"","_et_gb_content_width":"","_links_to":"","_links_to_target":""},"categories":[10],"tags":[623,627,632],"_links":{"self":[{"href":"https:\/\/legishca.umh.es\/en\/wp-json\/wp\/v2\/posts\/976"}],"collection":[{"href":"https:\/\/legishca.umh.es\/en\/wp-json\/wp\/v2\/posts"}],"about":[{"href":"https:\/\/legishca.umh.es\/en\/wp-json\/wp\/v2\/types\/post"}],"author":[{"embeddable":true,"href":"https:\/\/legishca.umh.es\/en\/wp-json\/wp\/v2\/users\/50"}],"replies":[{"embeddable":true,"href":"https:\/\/legishca.umh.es\/en\/wp-json\/wp\/v2\/comments?post=976"}],"version-history":[{"count":0,"href":"https:\/\/legishca.umh.es\/en\/wp-json\/wp\/v2\/posts\/976\/revisions"}],"wp:attachment":[{"href":"https:\/\/legishca.umh.es\/en\/wp-json\/wp\/v2\/media?parent=976"}],"wp:term":[{"taxonomy":"category","embeddable":true,"href":"https:\/\/legishca.umh.es\/en\/wp-json\/wp\/v2\/categories?post=976"},{"taxonomy":"post_tag","embeddable":true,"href":"https:\/\/legishca.umh.es\/en\/wp-json\/wp\/v2\/tags?post=976"}],"curies":[{"name":"wp","href":"https:\/\/api.w.org\/{rel}","templated":true}]}}