{"id":8054,"date":"1892-04-06T21:59:06","date_gmt":"1892-04-06T21:59:06","guid":{"rendered":"http:\/\/legishca.umh.es\/?p=8054"},"modified":"2018-10-11T08:36:40","modified_gmt":"2018-10-11T08:36:40","slug":"1892-04-06-organizacion-militarmente-del-cuerpo-de-minones-de-la-provincia-de-vizcaya","status":"publish","type":"post","link":"https:\/\/legishca.umh.es\/en\/1892\/04\/06\/1892-04-06-organizacion-militarmente-del-cuerpo-de-minones-de-la-provincia-de-vizcaya\/","title":{"rendered":"1892-04-06 Organizaci\u00f3n militarmente del Cuerpo de Mi\u00f1ones de la provincia de Vizcaya"},"content":{"rendered":"<table border=\"1\" width=\"690\" cellspacing=\"0\" cellpadding=\"0\" align=\"left\">\n<tbody>\n<tr>\n<td rowspan=\"11\" valign=\"top\" width=\"173\"><a href=\"http:\/\/legishca.umh.es\/files\/2016\/07\/2048.png\"><img loading=\"lazy\" class=\"alignnone  wp-image-8055\" src=\"http:\/\/legishca.umh.es\/files\/2016\/07\/2048.png\" alt=\"2048\" width=\"226\" height=\"339\" \/><\/a><\/td>\n<td valign=\"top\" bgcolor=\"#e3e4e6\" width=\"180\">\u00a0<strong>Num. identificaci\u00f3n<\/strong><\/td>\n<td valign=\"top\" width=\"404\">56b-15<\/td>\n<\/tr>\n<tr>\n<td valign=\"top\" bgcolor=\"#e3e4e6\" width=\"180\">\u00a0<strong>T\u00edtulo<\/strong><\/td>\n<td valign=\"top\" width=\"404\">Organizaci\u00f3n militarmente del Cuerpo de Mi\u00f1ones de la provincia de Vizcaya<\/td>\n<\/tr>\n<tr>\n<td valign=\"top\" bgcolor=\"#e3e4e6\" width=\"180\"><strong>Materia<\/strong><\/td>\n<td valign=\"top\" width=\"404\">Seguridad\u00a0 (Id. 56b)<\/td>\n<\/tr>\n<tr>\n<td bgcolor=\"#e3e4e6\" width=\"180\">\u00a0<strong>Voces<\/strong><\/td>\n<td width=\"404\">Organizaci\u00f3n, Militarmente del Cuerpo de Mi\u00f1ones y \u00a0Vizcaya.<\/td>\n<\/tr>\n<tr>\n<td valign=\"top\" bgcolor=\"#e3e4e6\" width=\"180\"><strong>Texto<\/strong><\/td>\n<td valign=\"top\" width=\"404\">Se organiza militarmente el Cuerpo de Mi\u00f1ones de la provincia de Vizcaya.<\/td>\n<\/tr>\n<tr>\n<td valign=\"top\" bgcolor=\"#e3e4e6\" width=\"180\">\u00a0<strong>Tipo de norma<\/strong><\/td>\n<td valign=\"top\" width=\"404\">Real Decreto<\/td>\n<\/tr>\n<tr>\n<td valign=\"top\" bgcolor=\"#e3e4e6\" width=\"180\">\u00a0<strong>Fecha de disposici\u00f3n<\/strong><\/td>\n<td valign=\"top\" width=\"404\">06-04-1892<\/td>\n<\/tr>\n<tr>\n<td valign=\"top\" bgcolor=\"#e3e4e6\" width=\"180\">\u00a0<strong>Instituci\u00f3n<\/strong><\/td>\n<td valign=\"top\" width=\"404\">Gobierno<\/td>\n<\/tr>\n<tr>\n<td valign=\"top\" bgcolor=\"#e3e4e6\" width=\"180\">\u00a0<strong>Fuente<\/strong><\/td>\n<td valign=\"top\" width=\"414\">Colecci\u00f3n Legislativa de Espa\u00f1a<\/td>\n<\/tr>\n<tr>\n<td valign=\"top\" bgcolor=\"#e3e4e6\" width=\"180\">\u00a0<strong>Documento<\/strong><\/td>\n<td valign=\"top\" width=\"404\">\u00a0<a href=\"https:\/\/drive.google.com\/file\/d\/0B27DzfbcyPNBb0JDVklFWVltRXM\/view?usp=sharing\">Enlace<\/a><\/td>\n<\/tr>\n<tr>\n<td valign=\"top\" bgcolor=\"#e3e4e6\" width=\"180\">\u00a0<strong>Debate Parlamentario<\/strong><\/td>\n<td valign=\"top\" width=\"404\">\u00a0Enlace<\/td>\n<\/tr>\n<\/tbody>\n<\/table>","protected":false},"excerpt":{"rendered":"<p>\u00a0Num. identificaci\u00f3n 56b-15 \u00a0T\u00edtulo Organizaci\u00f3n militarmente del Cuerpo de Mi\u00f1ones de la provincia de Vizcaya Materia Seguridad\u00a0 (Id. 56b) \u00a0Voces Organizaci\u00f3n, Militarmente del Cuerpo de Mi\u00f1ones y \u00a0Vizcaya. Texto Se organiza militarmente el Cuerpo de Mi\u00f1ones de la provincia de Vizcaya. \u00a0Tipo de norma Real Decreto \u00a0Fecha de disposici\u00f3n 06-04-1892 \u00a0Instituci\u00f3n Gobierno \u00a0Fuente Colecci\u00f3n Legislativa [&hellip;]<\/p>\n","protected":false},"author":1092,"featured_media":0,"comment_status":"closed","ping_status":"closed","sticky":false,"template":"","format":"standard","meta":{"_et_pb_use_builder":"","_et_pb_old_content":"","_et_gb_content_width":"","_links_to":"","_links_to_target":""},"categories":[720,718],"tags":[623,627,641],"_links":{"self":[{"href":"https:\/\/legishca.umh.es\/en\/wp-json\/wp\/v2\/posts\/8054"}],"collection":[{"href":"https:\/\/legishca.umh.es\/en\/wp-json\/wp\/v2\/posts"}],"about":[{"href":"https:\/\/legishca.umh.es\/en\/wp-json\/wp\/v2\/types\/post"}],"author":[{"embeddable":true,"href":"https:\/\/legishca.umh.es\/en\/wp-json\/wp\/v2\/users\/1092"}],"replies":[{"embeddable":true,"href":"https:\/\/legishca.umh.es\/en\/wp-json\/wp\/v2\/comments?post=8054"}],"version-history":[{"count":0,"href":"https:\/\/legishca.umh.es\/en\/wp-json\/wp\/v2\/posts\/8054\/revisions"}],"wp:attachment":[{"href":"https:\/\/legishca.umh.es\/en\/wp-json\/wp\/v2\/media?parent=8054"}],"wp:term":[{"taxonomy":"category","embeddable":true,"href":"https:\/\/legishca.umh.es\/en\/wp-json\/wp\/v2\/categories?post=8054"},{"taxonomy":"post_tag","embeddable":true,"href":"https:\/\/legishca.umh.es\/en\/wp-json\/wp\/v2\/tags?post=8054"}],"curies":[{"name":"wp","href":"https:\/\/api.w.org\/{rel}","templated":true}]}}