{"id":8011,"date":"1844-03-28T19:37:38","date_gmt":"1844-03-28T19:37:38","guid":{"rendered":"http:\/\/legishca.umh.es\/?p=8011"},"modified":"2018-10-11T08:28:27","modified_gmt":"2018-10-11T08:28:27","slug":"1844-03-28-creacion-de-un-cuerpo-especial-de-fuerza-armada-de-infanteria-y-caballeria-con-la-denominacion-de-guardias-civiles","status":"publish","type":"post","link":"https:\/\/legishca.umh.es\/en\/1844\/03\/28\/1844-03-28-creacion-de-un-cuerpo-especial-de-fuerza-armada-de-infanteria-y-caballeria-con-la-denominacion-de-guardias-civiles\/","title":{"rendered":"1844-03-28 Creaci\u00f3n de un cuerpo especial de fuerza armada de infanter\u00eda y caballer\u00eda con la denominaci\u00f3n de Guardias civiles"},"content":{"rendered":"<table border=\"1\" width=\"690\" cellspacing=\"0\" cellpadding=\"0\" align=\"left\">\n<tbody>\n<tr>\n<td rowspan=\"11\" valign=\"top\" width=\"173\"><a href=\"http:\/\/legishca.umh.es\/files\/2016\/07\/2034.png\"><img loading=\"lazy\" class=\"alignnone  wp-image-8012\" src=\"http:\/\/legishca.umh.es\/files\/2016\/07\/2034.png\" alt=\"2034\" width=\"226\" height=\"334\" \/><\/a><\/td>\n<td valign=\"top\" bgcolor=\"#e3e4e6\" width=\"180\">\u00a0<strong>Num. identificaci\u00f3n<\/strong><\/td>\n<td valign=\"top\" width=\"404\">56b-1<\/td>\n<\/tr>\n<tr>\n<td valign=\"top\" bgcolor=\"#e3e4e6\" width=\"180\">\u00a0<strong>T\u00edtulo<\/strong><\/td>\n<td valign=\"top\" width=\"404\">Creaci\u00f3n de un cuerpo especial de fuerza armada de infanter\u00eda y caballer\u00eda con la denominaci\u00f3n de Guardias civiles<\/td>\n<\/tr>\n<tr>\n<td valign=\"top\" bgcolor=\"#e3e4e6\" width=\"180\"><strong>Materia<\/strong><\/td>\n<td valign=\"top\" width=\"404\">Seguridad\u00a0 (Id. 56b)<\/td>\n<\/tr>\n<tr>\n<td bgcolor=\"#e3e4e6\" width=\"180\">\u00a0<strong>Voces<\/strong><\/td>\n<td width=\"404\">Fuerza Armada de Infanter\u00eda, Caballer\u00eda y Guardias Civiles.<\/td>\n<\/tr>\n<tr>\n<td valign=\"top\" bgcolor=\"#e3e4e6\" width=\"180\"><strong>Texto<\/strong><\/td>\n<td valign=\"top\" width=\"404\">Se crea un cuerpo especial de fuerza armada de infanter\u00eda y caballer\u00eda con la denominaci\u00f3n de Guardias civiles.<\/td>\n<\/tr>\n<tr>\n<td valign=\"top\" bgcolor=\"#e3e4e6\" width=\"180\">\u00a0<strong>Tipo de norma<\/strong><\/td>\n<td valign=\"top\" width=\"404\">Real Decreto<\/td>\n<\/tr>\n<tr>\n<td valign=\"top\" bgcolor=\"#e3e4e6\" width=\"180\">\u00a0<strong>Fecha de disposici\u00f3n<\/strong><\/td>\n<td valign=\"top\" width=\"404\">28-03-1844<\/td>\n<\/tr>\n<tr>\n<td valign=\"top\" bgcolor=\"#e3e4e6\" width=\"180\">\u00a0<strong>Instituci\u00f3n<\/strong><\/td>\n<td valign=\"top\" width=\"404\">Gobierno<\/td>\n<\/tr>\n<tr>\n<td valign=\"top\" bgcolor=\"#e3e4e6\" width=\"180\">\u00a0<strong>Fuente<\/strong><\/td>\n<td valign=\"top\" width=\"414\">Colecci\u00f3n Legislativa de Espa\u00f1a<\/td>\n<\/tr>\n<tr>\n<td valign=\"top\" bgcolor=\"#e3e4e6\" width=\"180\">\u00a0<strong>Documento<\/strong><\/td>\n<td valign=\"top\" width=\"404\">\u00a0<a href=\"https:\/\/drive.google.com\/file\/d\/0B27DzfbcyPNBZHpRckNhbGR0dkU\/view?usp=sharing\">Enlace<\/a><\/td>\n<\/tr>\n<tr>\n<td valign=\"top\" bgcolor=\"#e3e4e6\" width=\"180\">\u00a0<strong>Debate Parlamentario<\/strong><\/td>\n<td valign=\"top\" width=\"404\">\u00a0Enlace<\/td>\n<\/tr>\n<\/tbody>\n<p><\/tabl\n<\/p>","protected":false},"excerpt":{"rendered":"<p>\u00a0Num. identificaci\u00f3n 56b-1 \u00a0T\u00edtulo Creaci\u00f3n de un cuerpo especial de fuerza armada de infanter\u00eda y caballer\u00eda con la denominaci\u00f3n de Guardias civiles Materia Seguridad\u00a0 (Id. 56b) \u00a0Voces Fuerza Armada de Infanter\u00eda, Caballer\u00eda y Guardias Civiles. Texto Se crea un cuerpo especial de fuerza armada de infanter\u00eda y caballer\u00eda con la denominaci\u00f3n de Guardias civiles. \u00a0Tipo [&hellip;]<\/p>\n","protected":false},"author":1092,"featured_media":0,"comment_status":"closed","ping_status":"closed","sticky":false,"template":"","format":"standard","meta":{"_et_pb_use_builder":"","_et_pb_old_content":"","_et_gb_content_width":"","_links_to":"","_links_to_target":""},"categories":[720,718],"tags":[634,623,627],"_links":{"self":[{"href":"https:\/\/legishca.umh.es\/en\/wp-json\/wp\/v2\/posts\/8011"}],"collection":[{"href":"https:\/\/legishca.umh.es\/en\/wp-json\/wp\/v2\/posts"}],"about":[{"href":"https:\/\/legishca.umh.es\/en\/wp-json\/wp\/v2\/types\/post"}],"author":[{"embeddable":true,"href":"https:\/\/legishca.umh.es\/en\/wp-json\/wp\/v2\/users\/1092"}],"replies":[{"embeddable":true,"href":"https:\/\/legishca.umh.es\/en\/wp-json\/wp\/v2\/comments?post=8011"}],"version-history":[{"count":0,"href":"https:\/\/legishca.umh.es\/en\/wp-json\/wp\/v2\/posts\/8011\/revisions"}],"wp:attachment":[{"href":"https:\/\/legishca.umh.es\/en\/wp-json\/wp\/v2\/media?parent=8011"}],"wp:term":[{"taxonomy":"category","embeddable":true,"href":"https:\/\/legishca.umh.es\/en\/wp-json\/wp\/v2\/categories?post=8011"},{"taxonomy":"post_tag","embeddable":true,"href":"https:\/\/legishca.umh.es\/en\/wp-json\/wp\/v2\/tags?post=8011"}],"curies":[{"name":"wp","href":"https:\/\/api.w.org\/{rel}","templated":true}]}}