{"id":7495,"date":"1931-05-25T11:03:54","date_gmt":"1931-05-25T11:03:54","guid":{"rendered":"http:\/\/legishca.umh.es\/?p=7495"},"modified":"2018-10-11T07:37:31","modified_gmt":"2018-10-11T07:37:31","slug":"1931-05-25-reorganizacion-del-ejercito-de-la-peninsula-e-islas","status":"publish","type":"post","link":"https:\/\/legishca.umh.es\/en\/1931\/05\/25\/1931-05-25-reorganizacion-del-ejercito-de-la-peninsula-e-islas\/","title":{"rendered":"1931-05-25 Reorganizaci\u00f3n del Ej\u00e9rcito de la Pen\u00ednsula e islas"},"content":{"rendered":"<table border=\"1\" width=\"690\" cellspacing=\"0\" cellpadding=\"0\" align=\"left\">\n<tbody>\n<tr>\n<td rowspan=\"11\" valign=\"top\" width=\"173\"><a href=\"http:\/\/legishca.umh.es\/files\/2016\/06\/0557.png\"><img loading=\"lazy\" class=\"alignnone  wp-image-7496\" src=\"http:\/\/legishca.umh.es\/files\/2016\/06\/0557.png\" alt=\"0557\" width=\"226\" height=\"357\" \/><\/a><\/td>\n<td valign=\"top\" bgcolor=\"#e3e4e6\" width=\"180\">\u00a0<strong>Num. identificaci\u00f3n<\/strong><\/td>\n<td valign=\"top\" width=\"404\">53a-36<\/td>\n<\/tr>\n<tr>\n<td valign=\"top\" bgcolor=\"#e3e4e6\" width=\"180\">\u00a0<strong>T\u00edtulo<\/strong><\/td>\n<td valign=\"top\" width=\"404\">Reorganizaci\u00f3n del Ej\u00e9rcito de la Pen\u00ednsula e islas<\/td>\n<\/tr>\n<tr>\n<td valign=\"top\" bgcolor=\"#e3e4e6\" width=\"180\"><strong>Materia<\/strong><\/td>\n<td valign=\"top\" width=\"404\">Ej\u00e9rcito (Id. 53a)<\/td>\n<\/tr>\n<tr>\n<td bgcolor=\"#e3e4e6\" width=\"180\">\u00a0<strong>Voces<\/strong><\/td>\n<td width=\"404\">Reorganizaci\u00f3n, Ej\u00e9rcito, Pen\u00ednsula e Islas.<\/td>\n<\/tr>\n<tr>\n<td valign=\"top\" bgcolor=\"#e3e4e6\" width=\"180\"><strong>Texto<\/strong><\/td>\n<td valign=\"top\" width=\"404\">Reorganizaci\u00f3n del Ej\u00e9rcito de la Pen\u00ednsula e islas.<\/td>\n<\/tr>\n<tr>\n<td valign=\"top\" bgcolor=\"#e3e4e6\" width=\"180\">\u00a0<strong>Tipo de norma<\/strong><\/td>\n<td valign=\"top\" width=\"404\">Decreto<\/td>\n<\/tr>\n<tr>\n<td valign=\"top\" bgcolor=\"#e3e4e6\" width=\"180\">\u00a0<strong>Fecha de disposici\u00f3n<\/strong><\/td>\n<td valign=\"top\" width=\"404\">25-05-1931<\/td>\n<\/tr>\n<tr>\n<td valign=\"top\" bgcolor=\"#e3e4e6\" width=\"180\">\u00a0<strong>Instituci\u00f3n<\/strong><\/td>\n<td valign=\"top\" width=\"404\">Gobierno<\/td>\n<\/tr>\n<tr>\n<td valign=\"top\" bgcolor=\"#e3e4e6\" width=\"180\">\u00a0<strong>Fuente<\/strong><\/td>\n<td valign=\"top\" width=\"414\">Colecci\u00f3n Legislativa de Espa\u00f1a<\/td>\n<\/tr>\n<tr>\n<td valign=\"top\" bgcolor=\"#e3e4e6\" width=\"180\">\u00a0<strong>Documento<\/strong><\/td>\n<td valign=\"top\" width=\"404\">\u00a0<a href=\"https:\/\/drive.google.com\/file\/d\/0B27DzfbcyPNBb1VicWJhUHRQems\/view?usp=sharing\">Enlace<\/a><\/td>\n<\/tr>\n<tr>\n<td valign=\"top\" bgcolor=\"#e3e4e6\" width=\"180\">\u00a0<strong>Debate Parlamentario<\/strong><\/td>\n<td valign=\"top\" width=\"404\">\u00a0Enlace<\/td>\n<\/tr>\n<\/tbody>\n<\/table>","protected":false},"excerpt":{"rendered":"<p>\u00a0Num. identificaci\u00f3n 53a-36 \u00a0T\u00edtulo Reorganizaci\u00f3n del Ej\u00e9rcito de la Pen\u00ednsula e islas Materia Ej\u00e9rcito (Id. 53a) \u00a0Voces Reorganizaci\u00f3n, Ej\u00e9rcito, Pen\u00ednsula e Islas. Texto Reorganizaci\u00f3n del Ej\u00e9rcito de la Pen\u00ednsula e islas. \u00a0Tipo de norma Decreto \u00a0Fecha de disposici\u00f3n 25-05-1931 \u00a0Instituci\u00f3n Gobierno \u00a0Fuente Colecci\u00f3n Legislativa de Espa\u00f1a \u00a0Documento \u00a0Enlace \u00a0Debate Parlamentario \u00a0Enlace<\/p>\n","protected":false},"author":1092,"featured_media":0,"comment_status":"closed","ping_status":"closed","sticky":false,"template":"","format":"standard","meta":{"_et_pb_use_builder":"","_et_pb_old_content":"","_et_gb_content_width":"","_links_to":"","_links_to_target":""},"categories":[700,701],"tags":[623,627,644],"_links":{"self":[{"href":"https:\/\/legishca.umh.es\/en\/wp-json\/wp\/v2\/posts\/7495"}],"collection":[{"href":"https:\/\/legishca.umh.es\/en\/wp-json\/wp\/v2\/posts"}],"about":[{"href":"https:\/\/legishca.umh.es\/en\/wp-json\/wp\/v2\/types\/post"}],"author":[{"embeddable":true,"href":"https:\/\/legishca.umh.es\/en\/wp-json\/wp\/v2\/users\/1092"}],"replies":[{"embeddable":true,"href":"https:\/\/legishca.umh.es\/en\/wp-json\/wp\/v2\/comments?post=7495"}],"version-history":[{"count":0,"href":"https:\/\/legishca.umh.es\/en\/wp-json\/wp\/v2\/posts\/7495\/revisions"}],"wp:attachment":[{"href":"https:\/\/legishca.umh.es\/en\/wp-json\/wp\/v2\/media?parent=7495"}],"wp:term":[{"taxonomy":"category","embeddable":true,"href":"https:\/\/legishca.umh.es\/en\/wp-json\/wp\/v2\/categories?post=7495"},{"taxonomy":"post_tag","embeddable":true,"href":"https:\/\/legishca.umh.es\/en\/wp-json\/wp\/v2\/tags?post=7495"}],"curies":[{"name":"wp","href":"https:\/\/api.w.org\/{rel}","templated":true}]}}