{"id":7426,"date":"1893-02-08T08:24:54","date_gmt":"1893-02-08T08:24:54","guid":{"rendered":"http:\/\/legishca.umh.es\/?p=7426"},"modified":"2018-10-11T07:29:53","modified_gmt":"2018-10-11T07:29:53","slug":"1893-02-08-reorganizacion-de-los-centros-de-ensenanza-militar-para-nutrir-de-oficiales-al-ejercito","status":"publish","type":"post","link":"https:\/\/legishca.umh.es\/en\/1893\/02\/08\/1893-02-08-reorganizacion-de-los-centros-de-ensenanza-militar-para-nutrir-de-oficiales-al-ejercito\/","title":{"rendered":"1893-02-08 Reorganizaci\u00f3n de los Centros de ense\u00f1anza militar para nutrir de Oficiales al Ej\u00e9rcito"},"content":{"rendered":"<table border=\"1\" width=\"690\" cellspacing=\"0\" cellpadding=\"0\" align=\"left\">\n<tbody>\n<tr>\n<td rowspan=\"11\" valign=\"top\" width=\"173\"><a href=\"http:\/\/legishca.umh.es\/files\/2016\/06\/0543.png\"><img loading=\"lazy\" class=\"alignnone  wp-image-7427\" src=\"http:\/\/legishca.umh.es\/files\/2016\/06\/0543.png\" alt=\"0543\" width=\"226\" height=\"330\" \/><\/a><\/td>\n<td valign=\"top\" bgcolor=\"#e3e4e6\" width=\"180\">\u00a0<strong>Num. identificaci\u00f3n<\/strong><\/td>\n<td valign=\"top\" width=\"404\">53a-21<\/td>\n<\/tr>\n<tr>\n<td valign=\"top\" bgcolor=\"#e3e4e6\" width=\"180\">\u00a0<strong>T\u00edtulo<\/strong><\/td>\n<td valign=\"top\" width=\"404\">Reorganizaci\u00f3n de los Centros de ense\u00f1anza militar para nutrir de Oficiales al Ej\u00e9rcito<\/td>\n<\/tr>\n<tr>\n<td valign=\"top\" bgcolor=\"#e3e4e6\" width=\"180\"><strong>Materia<\/strong><\/td>\n<td valign=\"top\" width=\"404\">Ej\u00e9rcito (Id. 53a)<\/td>\n<\/tr>\n<tr>\n<td bgcolor=\"#e3e4e6\" width=\"180\">\u00a0<strong>Voces<\/strong><\/td>\n<td width=\"404\">Centros, Ense\u00f1anza Militar, Ej\u00e9rcito, Academias de Infanter\u00eda, Caballer\u00eda, Artiller\u00eda, Ingenieros, Administraci\u00f3n militar, Escuela Superior de Guerra, Colegios de la Guardia civil, Carabineros y Academias militares.<\/td>\n<\/tr>\n<tr>\n<td valign=\"top\" bgcolor=\"#e3e4e6\" width=\"180\"><strong>Texto<\/strong><\/td>\n<td valign=\"top\" width=\"404\">Se reorganizan\u00a0los Centros de ense\u00f1anza militar para nutrir de Oficiales al Ej\u00e9rcito, a cuyo fin se constituyen las Academias de Infanter\u00eda, Caballer\u00eda, Artiller\u00eda, Ingenieros y Administraci\u00f3n militar, la Escuela Superior de Guerra, y los Colegios de la Guardia civil, Carabineros y el preparatorio militar para facilitar el ingreso de los individuos de tropa en las Academias militares.<\/td>\n<\/tr>\n<tr>\n<td valign=\"top\" bgcolor=\"#e3e4e6\" width=\"180\">\u00a0<strong>Tipo de norma<\/strong><\/td>\n<td valign=\"top\" width=\"404\">Real Decreto<\/td>\n<\/tr>\n<tr>\n<td valign=\"top\" bgcolor=\"#e3e4e6\" width=\"180\">\u00a0<strong>Fecha de disposici\u00f3n<\/strong><\/td>\n<td valign=\"top\" width=\"404\">08-02-1893<\/td>\n<\/tr>\n<tr>\n<td valign=\"top\" bgcolor=\"#e3e4e6\" width=\"180\">\u00a0<strong>Instituci\u00f3n<\/strong><\/td>\n<td valign=\"top\" width=\"404\">Gobierno<\/td>\n<\/tr>\n<tr>\n<td valign=\"top\" bgcolor=\"#e3e4e6\" width=\"180\">\u00a0<strong>Fuente<\/strong><\/td>\n<td valign=\"top\" width=\"414\">Colecci\u00f3n Legislativa de Espa\u00f1a<\/td>\n<\/tr>\n<tr>\n<td valign=\"top\" bgcolor=\"#e3e4e6\" width=\"180\">\u00a0<strong>Documento<\/strong><\/td>\n<td valign=\"top\" width=\"404\">\u00a0<a href=\"https:\/\/drive.google.com\/file\/d\/0B27DzfbcyPNBNVFhOXp5WlQxRnc\/view?usp=sharing\">Enlace<\/a><\/td>\n<\/tr>\n<tr>\n<td valign=\"top\" bgcolor=\"#e3e4e6\" width=\"180\">\u00a0<strong>Debate Parlamentario<\/strong><\/td>\n<td valign=\"top\" width=\"404\">\u00a0Enlace<\/td>\n<\/tr>\n<\/tbody>\n<\/table>","protected":false},"excerpt":{"rendered":"<p>\u00a0Num. identificaci\u00f3n 53a-21 \u00a0T\u00edtulo Reorganizaci\u00f3n de los Centros de ense\u00f1anza militar para nutrir de Oficiales al Ej\u00e9rcito Materia Ej\u00e9rcito (Id. 53a) \u00a0Voces Centros, Ense\u00f1anza Militar, Ej\u00e9rcito, Academias de Infanter\u00eda, Caballer\u00eda, Artiller\u00eda, Ingenieros, Administraci\u00f3n militar, Escuela Superior de Guerra, Colegios de la Guardia civil, Carabineros y Academias militares. Texto Se reorganizan\u00a0los Centros de ense\u00f1anza militar para [&hellip;]<\/p>\n","protected":false},"author":1092,"featured_media":0,"comment_status":"closed","ping_status":"closed","sticky":false,"template":"","format":"standard","meta":{"_et_pb_use_builder":"","_et_pb_old_content":"","_et_gb_content_width":"","_links_to":"","_links_to_target":""},"categories":[700,701],"tags":[623,627,641],"_links":{"self":[{"href":"https:\/\/legishca.umh.es\/en\/wp-json\/wp\/v2\/posts\/7426"}],"collection":[{"href":"https:\/\/legishca.umh.es\/en\/wp-json\/wp\/v2\/posts"}],"about":[{"href":"https:\/\/legishca.umh.es\/en\/wp-json\/wp\/v2\/types\/post"}],"author":[{"embeddable":true,"href":"https:\/\/legishca.umh.es\/en\/wp-json\/wp\/v2\/users\/1092"}],"replies":[{"embeddable":true,"href":"https:\/\/legishca.umh.es\/en\/wp-json\/wp\/v2\/comments?post=7426"}],"version-history":[{"count":0,"href":"https:\/\/legishca.umh.es\/en\/wp-json\/wp\/v2\/posts\/7426\/revisions"}],"wp:attachment":[{"href":"https:\/\/legishca.umh.es\/en\/wp-json\/wp\/v2\/media?parent=7426"}],"wp:term":[{"taxonomy":"category","embeddable":true,"href":"https:\/\/legishca.umh.es\/en\/wp-json\/wp\/v2\/categories?post=7426"},{"taxonomy":"post_tag","embeddable":true,"href":"https:\/\/legishca.umh.es\/en\/wp-json\/wp\/v2\/tags?post=7426"}],"curies":[{"name":"wp","href":"https:\/\/api.w.org\/{rel}","templated":true}]}}