{"id":7117,"date":"1880-08-22T08:21:20","date_gmt":"1880-08-22T08:21:20","guid":{"rendered":"http:\/\/legishca.umh.es\/?p=7117"},"modified":"2018-10-10T16:18:46","modified_gmt":"2018-10-10T16:18:46","slug":"1880-08-22-derogacion-de-que-los-sucesores-inmediatos-a-la-corona-se-denominasen-principes-de-asturias","status":"publish","type":"post","link":"https:\/\/legishca.umh.es\/en\/1880\/08\/22\/1880-08-22-derogacion-de-que-los-sucesores-inmediatos-a-la-corona-se-denominasen-principes-de-asturias\/","title":{"rendered":"1880-08-22 Derogaci\u00f3n de que los sucesores inmediatos a la Corona, se denominasen Pr\u00edncipes de Asturias."},"content":{"rendered":"<table border=\"1\" width=\"690\" cellspacing=\"0\" cellpadding=\"0\" align=\"left\">\n<tbody>\n<tr>\n<td rowspan=\"11\" valign=\"top\" width=\"173\">\u00a0<a href=\"http:\/\/legishca.umh.es\/files\/2016\/05\/0265.png\"><img loading=\"lazy\" class=\"alignnone size-medium wp-image-7118\" src=\"http:\/\/legishca.umh.es\/files\/2016\/05\/0265-208x300.png\" alt=\"0265\" width=\"208\" height=\"300\" srcset=\"https:\/\/legishca.umh.es\/files\/2016\/05\/0265-208x300.png 208w, https:\/\/legishca.umh.es\/files\/2016\/05\/0265.png 583w\" sizes=\"(max-width: 208px) 100vw, 208px\" \/><\/a><\/td>\n<td valign=\"top\" bgcolor=\"#e3e4e6\" width=\"180\">\u00a0<strong>Num. identificaci\u00f3n<\/strong><\/td>\n<td valign=\"top\" width=\"404\">49-8<\/td>\n<\/tr>\n<tr>\n<td valign=\"top\" bgcolor=\"#e3e4e6\" width=\"180\">\u00a0<strong>T\u00edtulo<\/strong><\/td>\n<td valign=\"top\" width=\"404\">Derogaci\u00f3n de que los sucesores inmediatos a la Corona, se denominasen Pr\u00edncipes de Asturias.<\/td>\n<\/tr>\n<tr>\n<td valign=\"top\" bgcolor=\"#e3e4e6\" width=\"180\">\u00a0<strong>Materia<\/strong><\/td>\n<td valign=\"top\" width=\"404\">Jefatura del Estado \u00a0(Id. 49)<\/td>\n<\/tr>\n<tr>\n<td bgcolor=\"#e3e4e6\" width=\"180\">\u00a0<strong>Voces<\/strong><\/td>\n<td width=\"404\">Derogaci\u00f3n, Sucesores, Corona y Pr\u00edncipes de Asturias.<\/td>\n<\/tr>\n<tr>\n<td valign=\"top\" bgcolor=\"#e3e4e6\" width=\"180\">\u00a0<strong>Texto<\/strong><\/td>\n<td valign=\"top\" width=\"404\">Derogaci\u00f3n de que los sucesores inmediatos a la Corona, sin distinci\u00f3n de varones o hembras, se denominasen Pr\u00edncipes de Asturias.<\/td>\n<\/tr>\n<tr>\n<td valign=\"top\" bgcolor=\"#e3e4e6\" width=\"180\">\u00a0<strong>Tipo de norma<\/strong><\/td>\n<td valign=\"top\" width=\"404\">Real Decreto<\/td>\n<\/tr>\n<tr>\n<td valign=\"top\" bgcolor=\"#e3e4e6\" width=\"180\">\u00a0<strong>Fecha de disposici\u00f3n<\/strong><\/td>\n<td valign=\"top\" width=\"404\">22-08-1880<\/td>\n<\/tr>\n<tr>\n<td valign=\"top\" bgcolor=\"#e3e4e6\" width=\"180\">\u00a0<strong>Instituci\u00f3n<\/strong><\/td>\n<td valign=\"top\" width=\"404\">Gobierno<\/td>\n<\/tr>\n<tr>\n<td valign=\"top\" bgcolor=\"#e3e4e6\" width=\"180\">\u00a0<strong>Fuente<\/strong><\/td>\n<td valign=\"top\" width=\"414\">Colecci\u00f3n Legislativa de Espa\u00f1a<\/td>\n<\/tr>\n<tr>\n<td valign=\"top\" bgcolor=\"#e3e4e6\" width=\"180\">\u00a0<strong>Documento<\/strong><\/td>\n<td valign=\"top\" width=\"404\">\u00a0<a href=\"https:\/\/drive.google.com\/file\/d\/0B27DzfbcyPNBNHJ6THlZMXVvcEE\/view?usp=sharing\">Enlace<\/a><\/td>\n<\/tr>\n<tr>\n<td valign=\"top\" bgcolor=\"#e3e4e6\" width=\"180\">\u00a0<strong>Debate Parlamentario<\/strong><\/td>\n<td valign=\"top\" width=\"404\">\u00a0Enlace<\/td>\n<\/tr>\n<\/tbody>\n<\/table>","protected":false},"excerpt":{"rendered":"<p>\u00a0 \u00a0Num. identificaci\u00f3n 49-8 \u00a0T\u00edtulo Derogaci\u00f3n de que los sucesores inmediatos a la Corona, se denominasen Pr\u00edncipes de Asturias. \u00a0Materia Jefatura del Estado \u00a0(Id. 49) \u00a0Voces Derogaci\u00f3n, Sucesores, Corona y Pr\u00edncipes de Asturias. \u00a0Texto Derogaci\u00f3n de que los sucesores inmediatos a la Corona, sin distinci\u00f3n de varones o hembras, se denominasen Pr\u00edncipes de Asturias. \u00a0Tipo [&hellip;]<\/p>\n","protected":false},"author":1092,"featured_media":0,"comment_status":"closed","ping_status":"closed","sticky":false,"template":"","format":"standard","meta":{"_et_pb_use_builder":"","_et_pb_old_content":"","_et_gb_content_width":"","_links_to":"","_links_to_target":""},"categories":[748],"tags":[640,623,627],"_links":{"self":[{"href":"https:\/\/legishca.umh.es\/en\/wp-json\/wp\/v2\/posts\/7117"}],"collection":[{"href":"https:\/\/legishca.umh.es\/en\/wp-json\/wp\/v2\/posts"}],"about":[{"href":"https:\/\/legishca.umh.es\/en\/wp-json\/wp\/v2\/types\/post"}],"author":[{"embeddable":true,"href":"https:\/\/legishca.umh.es\/en\/wp-json\/wp\/v2\/users\/1092"}],"replies":[{"embeddable":true,"href":"https:\/\/legishca.umh.es\/en\/wp-json\/wp\/v2\/comments?post=7117"}],"version-history":[{"count":0,"href":"https:\/\/legishca.umh.es\/en\/wp-json\/wp\/v2\/posts\/7117\/revisions"}],"wp:attachment":[{"href":"https:\/\/legishca.umh.es\/en\/wp-json\/wp\/v2\/media?parent=7117"}],"wp:term":[{"taxonomy":"category","embeddable":true,"href":"https:\/\/legishca.umh.es\/en\/wp-json\/wp\/v2\/categories?post=7117"},{"taxonomy":"post_tag","embeddable":true,"href":"https:\/\/legishca.umh.es\/en\/wp-json\/wp\/v2\/tags?post=7117"}],"curies":[{"name":"wp","href":"https:\/\/api.w.org\/{rel}","templated":true}]}}