{"id":7109,"date":"1869-12-18T18:20:03","date_gmt":"1869-12-18T18:20:03","guid":{"rendered":"http:\/\/legishca.umh.es\/?p=7109"},"modified":"2018-10-10T16:17:26","modified_gmt":"2018-10-10T16:17:26","slug":"1869-12-18-declaracion-de-la-extincion-del-patrimonio-de-la-corona-los-de-la-real-casa-y-disponiendo-su-enajenacion","status":"publish","type":"post","link":"https:\/\/legishca.umh.es\/en\/1869\/12\/18\/1869-12-18-declaracion-de-la-extincion-del-patrimonio-de-la-corona-los-de-la-real-casa-y-disponiendo-su-enajenacion\/","title":{"rendered":"1869-12-18 Declaraci\u00f3n de la extinci\u00f3n del Patrimonio de la Corona, los de la Real Casa, y disponiendo su enajenaci\u00f3n."},"content":{"rendered":"<table border=\"1\" width=\"690\" cellspacing=\"0\" cellpadding=\"0\" align=\"left\">\n<tbody>\n<tr>\n<td rowspan=\"11\" valign=\"top\" width=\"173\">\u00a0<a href=\"http:\/\/legishca.umh.es\/files\/2016\/05\/0263.png\"><img loading=\"lazy\" class=\"alignnone size-medium wp-image-7110\" src=\"http:\/\/legishca.umh.es\/files\/2016\/05\/0263-201x300.png\" alt=\"0263\" width=\"201\" height=\"300\" srcset=\"https:\/\/legishca.umh.es\/files\/2016\/05\/0263-201x300.png 201w, https:\/\/legishca.umh.es\/files\/2016\/05\/0263.png 576w\" sizes=\"(max-width: 201px) 100vw, 201px\" \/><\/a><\/td>\n<td valign=\"top\" bgcolor=\"#e3e4e6\" width=\"180\">\u00a0<strong>Num. identificaci\u00f3n<\/strong><\/td>\n<td valign=\"top\" width=\"404\">49-6<\/td>\n<\/tr>\n<tr>\n<td valign=\"top\" bgcolor=\"#e3e4e6\" width=\"180\">\u00a0<strong>T\u00edtulo<\/strong><\/td>\n<td valign=\"top\" width=\"404\">Declaraci\u00f3n de la extinci\u00f3n del Patrimonio de la Corona, los de la Real Casa, y disponiendo su enajenaci\u00f3n.<\/td>\n<\/tr>\n<tr>\n<td valign=\"top\" bgcolor=\"#e3e4e6\" width=\"180\">\u00a0<strong>Materia<\/strong><\/td>\n<td valign=\"top\" width=\"404\">Jefatura del Estado \u00a0(Id. 49)<\/td>\n<\/tr>\n<tr>\n<td bgcolor=\"#e3e4e6\" width=\"180\"><strong>Voces<\/strong><\/td>\n<td width=\"404\">Extinci\u00f3n, Patrimonio de la Corona, \u00a0la Real Casa y \u00a0Enajenaci\u00f3n.<\/td>\n<\/tr>\n<tr>\n<td valign=\"top\" bgcolor=\"#e3e4e6\" width=\"180\"><strong>Texto<\/strong><\/td>\n<td valign=\"top\" width=\"404\">Se declara estinguido el Patrimonio de la Corona, revertiendo al Estado, en pleno dominio, sus bienes y derechos, y los de la Real Casa, y disponiendo su enajenaci\u00f3n, con las escepciones que se expresan.<\/td>\n<\/tr>\n<tr>\n<td valign=\"top\" bgcolor=\"#e3e4e6\" width=\"180\">\u00a0<strong>Tipo de norma<\/strong><\/td>\n<td valign=\"top\" width=\"404\">Ley<\/td>\n<\/tr>\n<tr>\n<td valign=\"top\" bgcolor=\"#e3e4e6\" width=\"180\">\u00a0<strong>Fecha de disposici\u00f3n<\/strong><\/td>\n<td valign=\"top\" width=\"404\">18-12-1869<\/td>\n<\/tr>\n<tr>\n<td valign=\"top\" bgcolor=\"#e3e4e6\" width=\"180\">\u00a0<strong>Instituci\u00f3n<\/strong><\/td>\n<td valign=\"top\" width=\"404\">Cortes<\/td>\n<\/tr>\n<tr>\n<td valign=\"top\" bgcolor=\"#e3e4e6\" width=\"180\">\u00a0<strong>Fuente<\/strong><\/td>\n<td valign=\"top\" width=\"414\">Colecci\u00f3n Legislativa de Espa\u00f1a<\/td>\n<\/tr>\n<tr>\n<td valign=\"top\" bgcolor=\"#e3e4e6\" width=\"180\">\u00a0<strong>Documento<\/strong><\/td>\n<td valign=\"top\" width=\"404\">\u00a0<a href=\"https:\/\/drive.google.com\/file\/d\/0B27DzfbcyPNBVEJSU2Noa2dPbEU\/view?usp=sharing\">Enlace<\/a><\/td>\n<\/tr>\n<tr>\n<td valign=\"top\" bgcolor=\"#e3e4e6\" width=\"180\">\u00a0<strong>Debate Parlamentario<\/strong><\/td>\n<td valign=\"top\" width=\"404\">\u00a0Enlace<\/td>\n<\/tr>\n<\/tbody>\n<\/table>","protected":false},"excerpt":{"rendered":"<p>\u00a0 \u00a0Num. identificaci\u00f3n 49-6 \u00a0T\u00edtulo Declaraci\u00f3n de la extinci\u00f3n del Patrimonio de la Corona, los de la Real Casa, y disponiendo su enajenaci\u00f3n. \u00a0Materia Jefatura del Estado \u00a0(Id. 49) Voces Extinci\u00f3n, Patrimonio de la Corona, \u00a0la Real Casa y \u00a0Enajenaci\u00f3n. Texto Se declara estinguido el Patrimonio de la Corona, revertiendo al Estado, en pleno dominio, [&hellip;]<\/p>\n","protected":false},"author":1092,"featured_media":0,"comment_status":"closed","ping_status":"closed","sticky":false,"template":"","format":"standard","meta":{"_et_pb_use_builder":"","_et_pb_old_content":"","_et_gb_content_width":"","_links_to":"","_links_to_target":""},"categories":[748],"tags":[626,637,622],"_links":{"self":[{"href":"https:\/\/legishca.umh.es\/en\/wp-json\/wp\/v2\/posts\/7109"}],"collection":[{"href":"https:\/\/legishca.umh.es\/en\/wp-json\/wp\/v2\/posts"}],"about":[{"href":"https:\/\/legishca.umh.es\/en\/wp-json\/wp\/v2\/types\/post"}],"author":[{"embeddable":true,"href":"https:\/\/legishca.umh.es\/en\/wp-json\/wp\/v2\/users\/1092"}],"replies":[{"embeddable":true,"href":"https:\/\/legishca.umh.es\/en\/wp-json\/wp\/v2\/comments?post=7109"}],"version-history":[{"count":0,"href":"https:\/\/legishca.umh.es\/en\/wp-json\/wp\/v2\/posts\/7109\/revisions"}],"wp:attachment":[{"href":"https:\/\/legishca.umh.es\/en\/wp-json\/wp\/v2\/media?parent=7109"}],"wp:term":[{"taxonomy":"category","embeddable":true,"href":"https:\/\/legishca.umh.es\/en\/wp-json\/wp\/v2\/categories?post=7109"},{"taxonomy":"post_tag","embeddable":true,"href":"https:\/\/legishca.umh.es\/en\/wp-json\/wp\/v2\/tags?post=7109"}],"curies":[{"name":"wp","href":"https:\/\/api.w.org\/{rel}","templated":true}]}}