{"id":6805,"date":"1864-05-01T18:41:56","date_gmt":"1864-05-01T18:41:56","guid":{"rendered":"http:\/\/legishca.umh.es\/?p=6805"},"modified":"2018-10-10T15:14:08","modified_gmt":"2018-10-10T15:14:08","slug":"1864-05-01-reglamento-para-la-provision-de-las-catedras-de-las-universidades-escuelas-profesionales-e-institutos-de-segunda-ensenanza","status":"publish","type":"post","link":"https:\/\/legishca.umh.es\/en\/1864\/05\/01\/1864-05-01-reglamento-para-la-provision-de-las-catedras-de-las-universidades-escuelas-profesionales-e-institutos-de-segunda-ensenanza\/","title":{"rendered":"1864-05-01 Reglamento para la provisi\u00f3n de las c\u00e1tedras de las Universidades, Escuelas profesionales e institutos de segunda ense\u00f1anza"},"content":{"rendered":"<table border=\"1\" width=\"690\" cellspacing=\"0\" cellpadding=\"0\" align=\"left\">\n<tbody>\n<tr>\n<td rowspan=\"11\" valign=\"top\" width=\"173\"><a href=\"http:\/\/legishca.umh.es\/files\/2015\/10\/1864-05-01-Real-Decreto-aprobando-el-reglamento-para-la-provisi\u00f3n-de-las-c\u00e1tedras-de-las-Universidades-Escuelas-aslaciones-ascen_Page_01.jpg\"><img loading=\"lazy\" class=\"alignnone size-medium wp-image-6806\" src=\"http:\/\/legishca.umh.es\/files\/2015\/10\/1864-05-01-Real-Decreto-aprobando-el-reglamento-para-la-provisi\u00f3n-de-las-c\u00e1tedras-de-las-Universidades-Escuelas-aslaciones-ascen_Page_01-207x300.jpg\" alt=\"1864-05-01 Real Decreto, aprobando el reglamento para la provisi\u00f3n de las c\u00e1tedras de las Universidades, Escuelas aslaciones, ascen_Page_01\" width=\"207\" height=\"300\" srcset=\"https:\/\/legishca.umh.es\/files\/2015\/10\/1864-05-01-Real-Decreto-aprobando-el-reglamento-para-la-provisi\u00f3n-de-las-c\u00e1tedras-de-las-Universidades-Escuelas-aslaciones-ascen_Page_01-207x300.jpg 207w, https:\/\/legishca.umh.es\/files\/2015\/10\/1864-05-01-Real-Decreto-aprobando-el-reglamento-para-la-provisi\u00f3n-de-las-c\u00e1tedras-de-las-Universidades-Escuelas-aslaciones-ascen_Page_01-708x1024.jpg 708w, https:\/\/legishca.umh.es\/files\/2015\/10\/1864-05-01-Real-Decreto-aprobando-el-reglamento-para-la-provisi\u00f3n-de-las-c\u00e1tedras-de-las-Universidades-Escuelas-aslaciones-ascen_Page_01.jpg 1576w\" sizes=\"(max-width: 207px) 100vw, 207px\" \/><\/a><\/td>\n<td valign=\"top\" bgcolor=\"#e3e4e6\" width=\"180\">\u00a0<strong>Num. identificaci\u00f3n<\/strong><\/td>\n<td valign=\"top\" width=\"404\">47d-5<\/td>\n<\/tr>\n<tr>\n<td valign=\"top\" bgcolor=\"#e3e4e6\" width=\"180\">\u00a0<strong>T\u00edtulo<\/strong><\/td>\n<td valign=\"top\" width=\"404\">Reglamento para la provisi\u00f3n de las c\u00e1tedras de las Universidades, Escuelas profesionales e institutos de segunda ense\u00f1anza<\/td>\n<\/tr>\n<tr>\n<td valign=\"top\" bgcolor=\"#e3e4e6\" width=\"180\">\u00a0<strong>Materia<\/strong><\/td>\n<td valign=\"top\" width=\"404\">Educaci\u00f3n\u00a0\u00a0(Id. 47d)<\/td>\n<\/tr>\n<tr>\n<td bgcolor=\"#e3e4e6\" width=\"180\">\u00a0<strong>Voces<\/strong><\/td>\n<td width=\"404\">Reglamento, Universidades, Provisi\u00f3n, Escuelas e Institutos<\/td>\n<\/tr>\n<tr>\n<td valign=\"top\" bgcolor=\"#e3e4e6\" width=\"180\">\u00a0<strong>Texto<\/strong><\/td>\n<td valign=\"top\" width=\"404\">Se aprueba el reglamento para la provisi\u00f3n de las c\u00e1tedras de las Universidades, Escuelas superiores y profesionales e institutos de segunda ense\u00f1anza, y para las traslaciones, ascensos y jubilaciones de los Catedr\u00e1ticos.<\/td>\n<\/tr>\n<tr>\n<td valign=\"top\" bgcolor=\"#e3e4e6\" width=\"180\">\u00a0<strong>Tipo de norma<\/strong><\/td>\n<td valign=\"top\" width=\"404\">Real Decreto<\/td>\n<\/tr>\n<tr>\n<td valign=\"top\" bgcolor=\"#e3e4e6\" width=\"180\">\u00a0<strong>Fecha de disposici\u00f3n<\/strong><\/td>\n<td valign=\"top\" width=\"404\">01-05-1864<\/td>\n<\/tr>\n<tr>\n<td valign=\"top\" bgcolor=\"#e3e4e6\" width=\"180\">\u00a0<strong>Instituci\u00f3n<\/strong><\/td>\n<td valign=\"top\" width=\"404\">Gobierno<\/td>\n<\/tr>\n<tr>\n<td valign=\"top\" bgcolor=\"#e3e4e6\" width=\"180\">\u00a0<strong>Fuente<\/strong><\/td>\n<td valign=\"top\" width=\"414\">Colecci\u00f3n Legislativa de Espa\u00f1a<\/td>\n<\/tr>\n<tr>\n<td valign=\"top\" bgcolor=\"#e3e4e6\" width=\"180\">\u00a0<strong>Documento<\/strong><\/td>\n<td valign=\"top\" width=\"404\">\u00a0<a href=\"https:\/\/drive.google.com\/file\/d\/0B27DzfbcyPNBYmx6dU0xQXhXSjg\/view?usp=sharing\">Enlace<\/a><\/td>\n<\/tr>\n<tr>\n<td valign=\"top\" bgcolor=\"#e3e4e6\" width=\"180\">\u00a0<strong>Debate Parlamentario<\/strong><\/td>\n<td valign=\"top\" width=\"404\">\u00a0Enlace<\/td>\n<\/tr>\n<\/tbody>\n<\/table>","protected":false},"excerpt":{"rendered":"<p>\u00a0Num. identificaci\u00f3n 47d-5 \u00a0T\u00edtulo Reglamento para la provisi\u00f3n de las c\u00e1tedras de las Universidades, Escuelas profesionales e institutos de segunda ense\u00f1anza \u00a0Materia Educaci\u00f3n\u00a0\u00a0(Id. 47d) \u00a0Voces Reglamento, Universidades, Provisi\u00f3n, Escuelas e Institutos \u00a0Texto Se aprueba el reglamento para la provisi\u00f3n de las c\u00e1tedras de las Universidades, Escuelas superiores y profesionales e institutos de segunda ense\u00f1anza, y [&hellip;]<\/p>\n","protected":false},"author":1092,"featured_media":0,"comment_status":"closed","ping_status":"closed","sticky":false,"template":"","format":"standard","meta":{"_et_pb_use_builder":"","_et_pb_old_content":"","_et_gb_content_width":"","_links_to":"","_links_to_target":""},"categories":[673,677],"tags":[623,627,636],"_links":{"self":[{"href":"https:\/\/legishca.umh.es\/en\/wp-json\/wp\/v2\/posts\/6805"}],"collection":[{"href":"https:\/\/legishca.umh.es\/en\/wp-json\/wp\/v2\/posts"}],"about":[{"href":"https:\/\/legishca.umh.es\/en\/wp-json\/wp\/v2\/types\/post"}],"author":[{"embeddable":true,"href":"https:\/\/legishca.umh.es\/en\/wp-json\/wp\/v2\/users\/1092"}],"replies":[{"embeddable":true,"href":"https:\/\/legishca.umh.es\/en\/wp-json\/wp\/v2\/comments?post=6805"}],"version-history":[{"count":0,"href":"https:\/\/legishca.umh.es\/en\/wp-json\/wp\/v2\/posts\/6805\/revisions"}],"wp:attachment":[{"href":"https:\/\/legishca.umh.es\/en\/wp-json\/wp\/v2\/media?parent=6805"}],"wp:term":[{"taxonomy":"category","embeddable":true,"href":"https:\/\/legishca.umh.es\/en\/wp-json\/wp\/v2\/categories?post=6805"},{"taxonomy":"post_tag","embeddable":true,"href":"https:\/\/legishca.umh.es\/en\/wp-json\/wp\/v2\/tags?post=6805"}],"curies":[{"name":"wp","href":"https:\/\/api.w.org\/{rel}","templated":true}]}}