{"id":6720,"date":"1913-05-05T11:01:38","date_gmt":"1913-05-05T11:01:38","guid":{"rendered":"http:\/\/legishca.umh.es\/?p=6720"},"modified":"2018-10-10T15:01:06","modified_gmt":"2018-10-10T15:01:06","slug":"1913-05-05-organizacion-y-funcionamiento-de-las-juntas-provinciales-y-municipales-de-primera-ensenanza","status":"publish","type":"post","link":"https:\/\/legishca.umh.es\/en\/1913\/05\/05\/1913-05-05-organizacion-y-funcionamiento-de-las-juntas-provinciales-y-municipales-de-primera-ensenanza\/","title":{"rendered":"1913-05-05 Organizaci\u00f3n y Funcionamiento de las Juntas provinciales y municipales de Primera ense\u00f1anza"},"content":{"rendered":"<table border=\"1\" width=\"690\" cellspacing=\"0\" cellpadding=\"0\" align=\"left\">\n<tbody>\n<tr>\n<td rowspan=\"11\" valign=\"top\" width=\"173\"><a href=\"http:\/\/legishca.umh.es\/files\/2015\/10\/1913-05-05-Real-Decreto-relativo-\u00e1-la-organizaci\u00f3n-y-funcionamiento-de-las-Juntas-provinciales-y-municipales-de-Primera-ense\u00f1anza_Page_01.jpg\"><img loading=\"lazy\" class=\"alignnone size-medium wp-image-6721\" src=\"http:\/\/legishca.umh.es\/files\/2015\/10\/1913-05-05-Real-Decreto-relativo-\u00e1-la-organizaci\u00f3n-y-funcionamiento-de-las-Juntas-provinciales-y-municipales-de-Primera-ense\u00f1anza_Page_01-205x300.jpg\" alt=\"1913-05-05 Real Decreto, relativo \u00e1 la organizaci\u00f3n y funcionamiento de las Juntas provinciales y municipales de Primera ense\u00f1anza_Page_01\" width=\"205\" height=\"300\" srcset=\"https:\/\/legishca.umh.es\/files\/2015\/10\/1913-05-05-Real-Decreto-relativo-\u00e1-la-organizaci\u00f3n-y-funcionamiento-de-las-Juntas-provinciales-y-municipales-de-Primera-ense\u00f1anza_Page_01-205x300.jpg 205w, https:\/\/legishca.umh.es\/files\/2015\/10\/1913-05-05-Real-Decreto-relativo-\u00e1-la-organizaci\u00f3n-y-funcionamiento-de-las-Juntas-provinciales-y-municipales-de-Primera-ense\u00f1anza_Page_01-701x1024.jpg 701w, https:\/\/legishca.umh.es\/files\/2015\/10\/1913-05-05-Real-Decreto-relativo-\u00e1-la-organizaci\u00f3n-y-funcionamiento-de-las-Juntas-provinciales-y-municipales-de-Primera-ense\u00f1anza_Page_01.jpg 1544w\" sizes=\"(max-width: 205px) 100vw, 205px\" \/><\/a><\/td>\n<td valign=\"top\" bgcolor=\"#e3e4e6\" width=\"180\">\u00a0<strong>Num. identificaci\u00f3n<\/strong><\/td>\n<td valign=\"top\" width=\"404\">47b-17<\/td>\n<\/tr>\n<tr>\n<td valign=\"top\" bgcolor=\"#e3e4e6\" width=\"180\">\u00a0<strong>T\u00edtulo<\/strong><\/td>\n<td valign=\"top\" width=\"404\">Organizaci\u00f3n y Funcionamiento de las Juntas provinciales y municipales de Primera ense\u00f1anza<\/td>\n<\/tr>\n<tr>\n<td valign=\"top\" bgcolor=\"#e3e4e6\" width=\"180\">\u00a0<strong>Materia<\/strong><\/td>\n<td valign=\"top\" width=\"404\">Educaci\u00f3n\u00a0\u00a0(Id. 47b)<\/td>\n<\/tr>\n<tr>\n<td bgcolor=\"#e3e4e6\" width=\"180\">\u00a0<strong>Voces<\/strong><\/td>\n<td width=\"404\">Organizaci\u00f3n\u00a0, Funcionamiento, Juntas y Primera Ense\u00f1anza<\/td>\n<\/tr>\n<tr>\n<td valign=\"top\" bgcolor=\"#e3e4e6\" width=\"180\">\u00a0<strong>Texto<\/strong><\/td>\n<td valign=\"top\" width=\"404\">Se organizan y se ponen en funcionamiento las Juntas provinciales y municipales de Primera Ense\u00f1anza.<\/td>\n<\/tr>\n<tr>\n<td valign=\"top\" bgcolor=\"#e3e4e6\" width=\"180\">\u00a0<strong>Tipo de norma<\/strong><\/td>\n<td valign=\"top\" width=\"404\">Real Decreto<\/td>\n<\/tr>\n<tr>\n<td valign=\"top\" bgcolor=\"#e3e4e6\" width=\"180\">\u00a0<strong>Fecha de disposici\u00f3n<\/strong><\/td>\n<td valign=\"top\" width=\"404\">05-05-1913<\/td>\n<\/tr>\n<tr>\n<td valign=\"top\" bgcolor=\"#e3e4e6\" width=\"180\">\u00a0<strong>Instituci\u00f3n<\/strong><\/td>\n<td valign=\"top\" width=\"404\">Gobierno<\/td>\n<\/tr>\n<tr>\n<td valign=\"top\" bgcolor=\"#e3e4e6\" width=\"180\">\u00a0<strong>Fuente<\/strong><\/td>\n<td valign=\"top\" width=\"414\">Colecci\u00f3n Legislativa de Espa\u00f1a<\/td>\n<\/tr>\n<tr>\n<td valign=\"top\" bgcolor=\"#e3e4e6\" width=\"180\">\u00a0<strong>Documento<\/strong><\/td>\n<td valign=\"top\" width=\"404\">\u00a0<a href=\"https:\/\/drive.google.com\/file\/d\/0B27DzfbcyPNBSlpya0lyT2J1WVE\/view?usp=sharing\">Enlace<\/a><\/td>\n<\/tr>\n<tr>\n<td valign=\"top\" bgcolor=\"#e3e4e6\" width=\"180\">\u00a0<strong>Debate Parlamentario<\/strong><\/td>\n<td valign=\"top\" width=\"404\">\u00a0Enlace<\/td>\n<\/tr>\n<\/tbody>\n<\/table>","protected":false},"excerpt":{"rendered":"<p>\u00a0Num. identificaci\u00f3n 47b-17 \u00a0T\u00edtulo Organizaci\u00f3n y Funcionamiento de las Juntas provinciales y municipales de Primera ense\u00f1anza \u00a0Materia Educaci\u00f3n\u00a0\u00a0(Id. 47b) \u00a0Voces Organizaci\u00f3n\u00a0, Funcionamiento, Juntas y Primera Ense\u00f1anza \u00a0Texto Se organizan y se ponen en funcionamiento las Juntas provinciales y municipales de Primera Ense\u00f1anza. \u00a0Tipo de norma Real Decreto \u00a0Fecha de disposici\u00f3n 05-05-1913 \u00a0Instituci\u00f3n Gobierno \u00a0Fuente Colecci\u00f3n [&hellip;]<\/p>\n","protected":false},"author":1092,"featured_media":0,"comment_status":"closed","ping_status":"closed","sticky":false,"template":"","format":"standard","meta":{"_et_pb_use_builder":"","_et_pb_old_content":"","_et_gb_content_width":"","_links_to":"","_links_to_target":""},"categories":[673,675],"tags":[642,623,627],"_links":{"self":[{"href":"https:\/\/legishca.umh.es\/en\/wp-json\/wp\/v2\/posts\/6720"}],"collection":[{"href":"https:\/\/legishca.umh.es\/en\/wp-json\/wp\/v2\/posts"}],"about":[{"href":"https:\/\/legishca.umh.es\/en\/wp-json\/wp\/v2\/types\/post"}],"author":[{"embeddable":true,"href":"https:\/\/legishca.umh.es\/en\/wp-json\/wp\/v2\/users\/1092"}],"replies":[{"embeddable":true,"href":"https:\/\/legishca.umh.es\/en\/wp-json\/wp\/v2\/comments?post=6720"}],"version-history":[{"count":0,"href":"https:\/\/legishca.umh.es\/en\/wp-json\/wp\/v2\/posts\/6720\/revisions"}],"wp:attachment":[{"href":"https:\/\/legishca.umh.es\/en\/wp-json\/wp\/v2\/media?parent=6720"}],"wp:term":[{"taxonomy":"category","embeddable":true,"href":"https:\/\/legishca.umh.es\/en\/wp-json\/wp\/v2\/categories?post=6720"},{"taxonomy":"post_tag","embeddable":true,"href":"https:\/\/legishca.umh.es\/en\/wp-json\/wp\/v2\/tags?post=6720"}],"curies":[{"name":"wp","href":"https:\/\/api.w.org\/{rel}","templated":true}]}}