{"id":654,"date":"1823-02-03T15:08:08","date_gmt":"1823-02-03T15:08:08","guid":{"rendered":"http:\/\/legishca.umh.es\/?p=654"},"modified":"2018-09-16T15:13:16","modified_gmt":"2018-09-16T15:13:16","slug":"03021823-ley-para-el-gobierno-economico-politico-de-las-provincias","status":"publish","type":"post","link":"https:\/\/legishca.umh.es\/en\/1823\/02\/03\/03021823-ley-para-el-gobierno-economico-politico-de-las-provincias\/","title":{"rendered":"1823-02-03 Ley para el Gobierno econ\u00f3mico-pol\u00edtico de las provincias"},"content":{"rendered":"<table style=\"width: 690px; height: 309px;\" border=\"1\" width=\"690\" cellspacing=\"0\" cellpadding=\"0\" align=\"left\">\n<tbody>\n<tr>\n<td rowspan=\"11\" valign=\"top\" width=\"173\"><a href=\"http:\/\/legishca.umh.es\/files\/2014\/06\/1823-02-03-Instrucciones-gobierno-politico-provincias_P\u00e1gina_01.jpg\"><img loading=\"lazy\" class=\"alignnone size-medium wp-image-655\" src=\"http:\/\/legishca.umh.es\/files\/2014\/06\/1823-02-03-Instrucciones-gobierno-politico-provincias_P\u00e1gina_01-211x300.jpg\" alt=\"1823-02-03 Instrucciones gobierno politico provincias_P\u00e1gina_01\" width=\"180\" height=\"300\" \/><\/a><\/td>\n<td valign=\"top\" bgcolor=\"#e3e4e6\" width=\"180\">\u00a0<strong>Num. identificaci\u00f3n<\/strong><\/td>\n<td valign=\"top\" width=\"404\">14-7<\/td>\n<\/tr>\n<tr>\n<td valign=\"top\" bgcolor=\"#e3e4e6\" width=\"180\">\u00a0<strong>T\u00edtulo<\/strong><\/td>\n<td valign=\"top\" width=\"404\">Ley para el Gobierno econ\u00f3mico-pol\u00edtico de las provincias<\/td>\n<\/tr>\n<tr>\n<td valign=\"top\" bgcolor=\"#e3e4e6\" width=\"180\">\u00a0<strong>Materia<\/strong><\/td>\n<td valign=\"top\" width=\"404\">Organizaci\u00f3n provincial y Local<\/td>\n<\/tr>\n<tr>\n<td bgcolor=\"#e3e4e6\" width=\"180\">\u00a0<strong>Voces<\/strong><\/td>\n<td width=\"404\">Trienio Liberal, provincia<\/td>\n<\/tr>\n<tr>\n<td valign=\"top\" bgcolor=\"#e3e4e6\" width=\"180\">\u00a0<strong>Texto<\/strong><\/td>\n<td valign=\"top\" width=\"404\">Obligaciones Ayuntamientos y Diputaciones, de los Alcaldes y de los Jefes pol\u00edticos.<\/td>\n<\/tr>\n<tr>\n<td valign=\"top\" bgcolor=\"#e3e4e6\" width=\"180\"><strong>Tipo de norma<\/strong><\/td>\n<td valign=\"top\" width=\"404\">Decreto<\/td>\n<\/tr>\n<tr>\n<td valign=\"top\" bgcolor=\"#e3e4e6\" width=\"180\">\u00a0<strong>Fecha de disposici\u00f3n<\/strong><\/td>\n<td valign=\"top\" width=\"404\">03-02-1823<\/td>\n<\/tr>\n<tr>\n<td valign=\"top\" bgcolor=\"#e3e4e6\" width=\"180\">\u00a0<strong>Instituci\u00f3n<\/strong><\/td>\n<td valign=\"top\" width=\"404\">Cortes<\/td>\n<\/tr>\n<tr>\n<td valign=\"top\" bgcolor=\"#e3e4e6\" width=\"180\">\u00a0<strong>Fuente<\/strong><\/td>\n<td valign=\"top\" width=\"414\"><i>Colecci\u00f3n de Decretos<\/i><\/td>\n<\/tr>\n<tr>\n<td valign=\"top\" bgcolor=\"#e3e4e6\" width=\"180\">\u00a0<strong>Documento<\/strong><\/td>\n<td valign=\"top\" width=\"404\">\u00a0<a href=\"https:\/\/drive.google.com\/file\/d\/0B27DzfbcyPNBWC12amlTTUthVU0\/edit?usp=sharing\">Enlace<\/a><\/td>\n<\/tr>\n<tr>\n<td valign=\"top\" bgcolor=\"#e3e4e6\" width=\"180\">\u00a0<strong>Debate Parlamentario<\/strong><\/td>\n<td valign=\"top\" width=\"404\">\u00a0<a href=\"https:\/\/docs.google.com\/a\/goumh.umh.es\/forms\/d\/1JfS8UtGfTNU5PK8n6wONnQb-3lLs09_U4udCOip_HY4\/viewform\" target=\"_blank\">Enlace<\/a><\/td>\n<\/tr>\n<\/tbody>\n<\/table>\n<p>\u00a0<\/p>\n<div><\/div>","protected":false},"excerpt":{"rendered":"<p>\u00a0Num. identificaci\u00f3n 14-7 \u00a0T\u00edtulo Ley para el Gobierno econ\u00f3mico-pol\u00edtico de las provincias \u00a0Materia Organizaci\u00f3n provincial y Local \u00a0Voces Trienio Liberal, provincia \u00a0Texto Obligaciones Ayuntamientos y Diputaciones, de los Alcaldes y de los Jefes pol\u00edticos. Tipo de norma Decreto \u00a0Fecha de disposici\u00f3n 03-02-1823 \u00a0Instituci\u00f3n Cortes \u00a0Fuente Colecci\u00f3n de Decretos \u00a0Documento \u00a0Enlace \u00a0Debate Parlamentario \u00a0Enlace \u00a0<\/p>\n","protected":false},"author":3004,"featured_media":0,"comment_status":"closed","ping_status":"closed","sticky":false,"template":"","format":"standard","meta":{"_et_pb_use_builder":"","_et_pb_old_content":"","_et_gb_content_width":"","_links_to":"","_links_to_target":""},"categories":[25],"tags":[626,623,630],"_links":{"self":[{"href":"https:\/\/legishca.umh.es\/en\/wp-json\/wp\/v2\/posts\/654"}],"collection":[{"href":"https:\/\/legishca.umh.es\/en\/wp-json\/wp\/v2\/posts"}],"about":[{"href":"https:\/\/legishca.umh.es\/en\/wp-json\/wp\/v2\/types\/post"}],"author":[{"embeddable":true,"href":"https:\/\/legishca.umh.es\/en\/wp-json\/wp\/v2\/users\/3004"}],"replies":[{"embeddable":true,"href":"https:\/\/legishca.umh.es\/en\/wp-json\/wp\/v2\/comments?post=654"}],"version-history":[{"count":0,"href":"https:\/\/legishca.umh.es\/en\/wp-json\/wp\/v2\/posts\/654\/revisions"}],"wp:attachment":[{"href":"https:\/\/legishca.umh.es\/en\/wp-json\/wp\/v2\/media?parent=654"}],"wp:term":[{"taxonomy":"category","embeddable":true,"href":"https:\/\/legishca.umh.es\/en\/wp-json\/wp\/v2\/categories?post=654"},{"taxonomy":"post_tag","embeddable":true,"href":"https:\/\/legishca.umh.es\/en\/wp-json\/wp\/v2\/tags?post=654"}],"curies":[{"name":"wp","href":"https:\/\/api.w.org\/{rel}","templated":true}]}}