{"id":6356,"date":"1922-12-29T09:20:00","date_gmt":"1922-12-29T09:20:00","guid":{"rendered":"http:\/\/legishca.umh.es\/?p=6356"},"modified":"2018-10-10T13:20:21","modified_gmt":"2018-10-10T13:20:21","slug":"1922-12-29-reglamento-para-la-aplicacion-de-la-ley-reformada-acerca-de-los-accidentes-de-trabajo","status":"publish","type":"post","link":"https:\/\/legishca.umh.es\/en\/1922\/12\/29\/1922-12-29-reglamento-para-la-aplicacion-de-la-ley-reformada-acerca-de-los-accidentes-de-trabajo\/","title":{"rendered":"1922-12-29 Reglamento para la aplicaci\u00f3n de la ley reformada acerca de los accidentes de trabajo"},"content":{"rendered":"<table border=\"1\" width=\"690\" cellspacing=\"0\" cellpadding=\"0\" align=\"left\">\n<tbody>\n<tr>\n<td rowspan=\"11\" valign=\"top\" width=\"173\"><a href=\"http:\/\/legishca.umh.es\/files\/2015\/09\/1922-12-29-Real-Decreto-aprobando-el-Reglamento-provisional-para-la-aplicaci\u00f3n-de-la-ley-reformada-relativa-a-los-accidentes-de-trabajo-de-10-de-enero-del-corriente-a\u00f1o_P\u00e1gina_01.jpg\"><img loading=\"lazy\" class=\"alignnone size-medium wp-image-6357\" src=\"http:\/\/legishca.umh.es\/files\/2015\/09\/1922-12-29-Real-Decreto-aprobando-el-Reglamento-provisional-para-la-aplicaci\u00f3n-de-la-ley-reformada-relativa-a-los-accidentes-de-trabajo-de-10-de-enero-del-corriente-a\u00f1o_P\u00e1gina_01-206x300.jpg\" alt=\"1922-12-29 Real Decreto, aprobando el Reglamento provisional para la aplicaci\u00f3n de la ley reformada relativa a los accidentes de trabajo de 10 de enero del corriente a\u00f1o_P\u00e1gina_01\" width=\"206\" height=\"300\" srcset=\"https:\/\/legishca.umh.es\/files\/2015\/09\/1922-12-29-Real-Decreto-aprobando-el-Reglamento-provisional-para-la-aplicaci\u00f3n-de-la-ley-reformada-relativa-a-los-accidentes-de-trabajo-de-10-de-enero-del-corriente-a\u00f1o_P\u00e1gina_01-206x300.jpg 206w, https:\/\/legishca.umh.es\/files\/2015\/09\/1922-12-29-Real-Decreto-aprobando-el-Reglamento-provisional-para-la-aplicaci\u00f3n-de-la-ley-reformada-relativa-a-los-accidentes-de-trabajo-de-10-de-enero-del-corriente-a\u00f1o_P\u00e1gina_01-704x1024.jpg 704w, https:\/\/legishca.umh.es\/files\/2015\/09\/1922-12-29-Real-Decreto-aprobando-el-Reglamento-provisional-para-la-aplicaci\u00f3n-de-la-ley-reformada-relativa-a-los-accidentes-de-trabajo-de-10-de-enero-del-corriente-a\u00f1o_P\u00e1gina_01.jpg 1576w\" sizes=\"(max-width: 206px) 100vw, 206px\" \/><\/a><\/td>\n<td valign=\"top\" bgcolor=\"#e3e4e6\" width=\"180\">\u00a0<strong>Num. identificaci\u00f3n<\/strong><\/td>\n<td valign=\"top\" width=\"404\">45c-1-6<\/td>\n<\/tr>\n<tr>\n<td valign=\"top\" bgcolor=\"#e3e4e6\" width=\"180\">\u00a0<strong>T\u00edtulo<\/strong><\/td>\n<td valign=\"top\" width=\"404\">Reglamento para la aplicaci\u00f3n de la ley reformada acerca de los accidentes de trabajo<\/td>\n<\/tr>\n<tr>\n<td valign=\"top\" bgcolor=\"#e3e4e6\" width=\"180\">\u00a0<strong>Materia<\/strong><\/td>\n<td valign=\"top\" width=\"404\">Seguridad\u00a0Social\u00a0(Id. 45c-1)<\/td>\n<\/tr>\n<tr>\n<td bgcolor=\"#e3e4e6\" width=\"180\">\u00a0<strong>Voces<\/strong><\/td>\n<td width=\"404\">Reglamento\u00a0 y \u00a0Accidentes de Trabajo<\/td>\n<\/tr>\n<tr>\n<td valign=\"top\" bgcolor=\"#e3e4e6\" width=\"180\">\u00a0<strong>Texto<\/strong><\/td>\n<td valign=\"top\" width=\"404\">Se aprueba el Reglamento provisional para la aplicaci\u00f3n de la ley reformada relativa a los accidentes de trabajo del 10 de enero de 1922.<\/td>\n<\/tr>\n<tr>\n<td valign=\"top\" bgcolor=\"#e3e4e6\" width=\"180\">\u00a0<strong>Tipo de norma<\/strong><\/td>\n<td valign=\"top\" width=\"404\">Real Decreto<\/td>\n<\/tr>\n<tr>\n<td valign=\"top\" bgcolor=\"#e3e4e6\" width=\"180\">\u00a0<strong>Fecha de disposici\u00f3n<\/strong><\/td>\n<td valign=\"top\" width=\"404\">29-12-1922<\/td>\n<\/tr>\n<tr>\n<td valign=\"top\" bgcolor=\"#e3e4e6\" width=\"180\">\u00a0<strong>Instituci\u00f3n<\/strong><\/td>\n<td valign=\"top\" width=\"404\">Gobierno<\/td>\n<\/tr>\n<tr>\n<td valign=\"top\" bgcolor=\"#e3e4e6\" width=\"180\">\u00a0<strong>Fuente<\/strong><\/td>\n<td valign=\"top\" width=\"414\">Colecci\u00f3n Legislativa de Espa\u00f1a<\/td>\n<\/tr>\n<tr>\n<td valign=\"top\" bgcolor=\"#e3e4e6\" width=\"180\">\u00a0<strong>Documento<\/strong><\/td>\n<td valign=\"top\" width=\"404\">\u00a0<a href=\"https:\/\/drive.google.com\/file\/d\/0B27DzfbcyPNBbmdjV1FqVnF5YWM\/view?usp=sharing\">Enlace<\/a><\/td>\n<\/tr>\n<tr>\n<td valign=\"top\" bgcolor=\"#e3e4e6\" width=\"180\">\u00a0<strong>Debate Parlamentario<\/strong><\/td>\n<td valign=\"top\" width=\"404\">\u00a0Enlace<\/td>\n<\/tr>\n<\/tbody>\n<\/table>","protected":false},"excerpt":{"rendered":"<p>\u00a0Num. identificaci\u00f3n 45c-1-6 \u00a0T\u00edtulo Reglamento para la aplicaci\u00f3n de la ley reformada acerca de los accidentes de trabajo \u00a0Materia Seguridad\u00a0Social\u00a0(Id. 45c-1) \u00a0Voces Reglamento\u00a0 y \u00a0Accidentes de Trabajo \u00a0Texto Se aprueba el Reglamento provisional para la aplicaci\u00f3n de la ley reformada relativa a los accidentes de trabajo del 10 de enero de 1922. \u00a0Tipo de norma [&hellip;]<\/p>\n","protected":false},"author":1092,"featured_media":0,"comment_status":"closed","ping_status":"closed","sticky":false,"template":"","format":"standard","meta":{"_et_pb_use_builder":"","_et_pb_old_content":"","_et_gb_content_width":"","_links_to":"","_links_to_target":""},"categories":[690,680,654],"tags":[642,623,627],"_links":{"self":[{"href":"https:\/\/legishca.umh.es\/en\/wp-json\/wp\/v2\/posts\/6356"}],"collection":[{"href":"https:\/\/legishca.umh.es\/en\/wp-json\/wp\/v2\/posts"}],"about":[{"href":"https:\/\/legishca.umh.es\/en\/wp-json\/wp\/v2\/types\/post"}],"author":[{"embeddable":true,"href":"https:\/\/legishca.umh.es\/en\/wp-json\/wp\/v2\/users\/1092"}],"replies":[{"embeddable":true,"href":"https:\/\/legishca.umh.es\/en\/wp-json\/wp\/v2\/comments?post=6356"}],"version-history":[{"count":0,"href":"https:\/\/legishca.umh.es\/en\/wp-json\/wp\/v2\/posts\/6356\/revisions"}],"wp:attachment":[{"href":"https:\/\/legishca.umh.es\/en\/wp-json\/wp\/v2\/media?parent=6356"}],"wp:term":[{"taxonomy":"category","embeddable":true,"href":"https:\/\/legishca.umh.es\/en\/wp-json\/wp\/v2\/categories?post=6356"},{"taxonomy":"post_tag","embeddable":true,"href":"https:\/\/legishca.umh.es\/en\/wp-json\/wp\/v2\/tags?post=6356"}],"curies":[{"name":"wp","href":"https:\/\/api.w.org\/{rel}","templated":true}]}}