{"id":6316,"date":"1930-02-26T16:48:03","date_gmt":"1930-02-26T16:48:03","guid":{"rendered":"http:\/\/legishca.umh.es\/?p=6316"},"modified":"2018-10-10T09:27:06","modified_gmt":"2018-10-10T09:27:06","slug":"1930-02-26-cambio-de-denominacion-de-la-caja-central-de-credito-maritimo-por-el-instituto-social-de-la-marina","status":"publish","type":"post","link":"https:\/\/legishca.umh.es\/en\/1930\/02\/26\/1930-02-26-cambio-de-denominacion-de-la-caja-central-de-credito-maritimo-por-el-instituto-social-de-la-marina\/","title":{"rendered":"1930-02-26 Cambio de denominaci\u00f3n de la Caja Central de Cr\u00e9dito Mar\u00edtimo por el Instituto Social de la Marina"},"content":{"rendered":"<table border=\"1\" width=\"690\" cellspacing=\"0\" cellpadding=\"0\" align=\"left\">\n<tbody>\n<tr>\n<td rowspan=\"11\" valign=\"top\" width=\"173\"><a href=\"http:\/\/legishca.umh.es\/files\/2015\/09\/1930-02-26-Real-Decreto-disponiendo-que-en-lo-sucesivo-la-Caja-Central-de-Cr\u00e9dito-Mar\u00edtimo-se-denomine-Instituto-Social-de-la-Marina_P\u00e1gina_1.jpg\"><img loading=\"lazy\" class=\"alignnone size-medium wp-image-6317\" src=\"http:\/\/legishca.umh.es\/files\/2015\/09\/1930-02-26-Real-Decreto-disponiendo-que-en-lo-sucesivo-la-Caja-Central-de-Cr\u00e9dito-Mar\u00edtimo-se-denomine-Instituto-Social-de-la-Marina_P\u00e1gina_1-212x300.jpg\" alt=\"1930-02-26 Real Decreto, disponiendo que en lo sucesivo la Caja Central de Cr\u00e9dito Mar\u00edtimo se denomine Instituto Social de la Marina_P\u00e1gina_1\" width=\"212\" height=\"300\" srcset=\"https:\/\/legishca.umh.es\/files\/2015\/09\/1930-02-26-Real-Decreto-disponiendo-que-en-lo-sucesivo-la-Caja-Central-de-Cr\u00e9dito-Mar\u00edtimo-se-denomine-Instituto-Social-de-la-Marina_P\u00e1gina_1-212x300.jpg 212w, https:\/\/legishca.umh.es\/files\/2015\/09\/1930-02-26-Real-Decreto-disponiendo-que-en-lo-sucesivo-la-Caja-Central-de-Cr\u00e9dito-Mar\u00edtimo-se-denomine-Instituto-Social-de-la-Marina_P\u00e1gina_1-722x1024.jpg 722w, https:\/\/legishca.umh.es\/files\/2015\/09\/1930-02-26-Real-Decreto-disponiendo-que-en-lo-sucesivo-la-Caja-Central-de-Cr\u00e9dito-Mar\u00edtimo-se-denomine-Instituto-Social-de-la-Marina_P\u00e1gina_1.jpg 1592w\" sizes=\"(max-width: 212px) 100vw, 212px\" \/><\/a><\/td>\n<td valign=\"top\" bgcolor=\"#e3e4e6\" width=\"180\">\u00a0<strong>Num. identificaci\u00f3n<\/strong><\/td>\n<td valign=\"top\" width=\"404\">45a-4<\/td>\n<\/tr>\n<tr>\n<td valign=\"top\" bgcolor=\"#e3e4e6\" width=\"180\">\u00a0<strong>T\u00edtulo<\/strong><\/td>\n<td valign=\"top\" width=\"404\">Cambio de denominaci\u00f3n de la Caja Central de Cr\u00e9dito Mar\u00edtimo por el\u00a0Instituto Social de la Marina<\/td>\n<\/tr>\n<tr>\n<td valign=\"top\" bgcolor=\"#e3e4e6\" width=\"180\">\u00a0<strong>Materia<\/strong><\/td>\n<td valign=\"top\" width=\"404\">Seguridad Social \u00a0(Id. 45a)<\/td>\n<\/tr>\n<tr>\n<td bgcolor=\"#e3e4e6\" width=\"180\">\u00a0<strong>Voces<\/strong><\/td>\n<td width=\"404\">Caja Central de Cr\u00e9dito Mar\u00edtimo e Instituto Social de la Marina<\/td>\n<\/tr>\n<tr>\n<td valign=\"top\" bgcolor=\"#e3e4e6\" width=\"180\">\u00a0<strong>Texto<\/strong><\/td>\n<td valign=\"top\" width=\"404\">Se dispone que en lo sucesivo la Caja Central de Cr\u00e9dito Mar\u00edtimo se denomine Instituto Social de la Marina.<\/td>\n<\/tr>\n<tr>\n<td valign=\"top\" bgcolor=\"#e3e4e6\" width=\"180\">\u00a0<strong>Tipo de norma<\/strong><\/td>\n<td valign=\"top\" width=\"404\">Real Decreto<\/td>\n<\/tr>\n<tr>\n<td valign=\"top\" bgcolor=\"#e3e4e6\" width=\"180\">\u00a0<strong>Fecha de disposici\u00f3n<\/strong><\/td>\n<td valign=\"top\" width=\"404\">26-02-1930<\/td>\n<\/tr>\n<tr>\n<td valign=\"top\" bgcolor=\"#e3e4e6\" width=\"180\">\u00a0<strong>Instituci\u00f3n<\/strong><\/td>\n<td valign=\"top\" width=\"404\">Gobierno<\/td>\n<\/tr>\n<tr>\n<td valign=\"top\" bgcolor=\"#e3e4e6\" width=\"180\">\u00a0<strong>Fuente<\/strong><\/td>\n<td valign=\"top\" width=\"414\">Colecci\u00f3n Legislativa de Espa\u00f1a<\/td>\n<\/tr>\n<tr>\n<td valign=\"top\" bgcolor=\"#e3e4e6\" width=\"180\">\u00a0<strong>Documento<\/strong><\/td>\n<td valign=\"top\" width=\"404\">\u00a0<a href=\"https:\/\/drive.google.com\/file\/d\/0B27DzfbcyPNBOGE3cnBxd0l4anM\/view?usp=sharing\">Enlace<\/a><\/td>\n<\/tr>\n<tr>\n<td valign=\"top\" bgcolor=\"#e3e4e6\" width=\"180\">\u00a0<strong>Debate Parlamentario<\/strong><\/td>\n<td valign=\"top\" width=\"404\">\u00a0Enlace<\/td>\n<\/tr>\n<\/tbody>\n<\/table>","protected":false},"excerpt":{"rendered":"<p>\u00a0Num. identificaci\u00f3n 45a-4 \u00a0T\u00edtulo Cambio de denominaci\u00f3n de la Caja Central de Cr\u00e9dito Mar\u00edtimo por el\u00a0Instituto Social de la Marina \u00a0Materia Seguridad Social \u00a0(Id. 45a) \u00a0Voces Caja Central de Cr\u00e9dito Mar\u00edtimo e Instituto Social de la Marina \u00a0Texto Se dispone que en lo sucesivo la Caja Central de Cr\u00e9dito Mar\u00edtimo se denomine Instituto Social de [&hellip;]<\/p>\n","protected":false},"author":1092,"featured_media":0,"comment_status":"closed","ping_status":"closed","sticky":false,"template":"","format":"standard","meta":{"_et_pb_use_builder":"","_et_pb_old_content":"","_et_gb_content_width":"","_links_to":"","_links_to_target":""},"categories":[678,654],"tags":[623,643,627],"_links":{"self":[{"href":"https:\/\/legishca.umh.es\/en\/wp-json\/wp\/v2\/posts\/6316"}],"collection":[{"href":"https:\/\/legishca.umh.es\/en\/wp-json\/wp\/v2\/posts"}],"about":[{"href":"https:\/\/legishca.umh.es\/en\/wp-json\/wp\/v2\/types\/post"}],"author":[{"embeddable":true,"href":"https:\/\/legishca.umh.es\/en\/wp-json\/wp\/v2\/users\/1092"}],"replies":[{"embeddable":true,"href":"https:\/\/legishca.umh.es\/en\/wp-json\/wp\/v2\/comments?post=6316"}],"version-history":[{"count":0,"href":"https:\/\/legishca.umh.es\/en\/wp-json\/wp\/v2\/posts\/6316\/revisions"}],"wp:attachment":[{"href":"https:\/\/legishca.umh.es\/en\/wp-json\/wp\/v2\/media?parent=6316"}],"wp:term":[{"taxonomy":"category","embeddable":true,"href":"https:\/\/legishca.umh.es\/en\/wp-json\/wp\/v2\/categories?post=6316"},{"taxonomy":"post_tag","embeddable":true,"href":"https:\/\/legishca.umh.es\/en\/wp-json\/wp\/v2\/tags?post=6316"}],"curies":[{"name":"wp","href":"https:\/\/api.w.org\/{rel}","templated":true}]}}