{"id":6275,"date":"1919-03-31T08:56:43","date_gmt":"1919-03-31T08:56:43","guid":{"rendered":"http:\/\/legishca.umh.es\/?p=6275"},"modified":"2018-10-10T09:22:38","modified_gmt":"2018-10-10T09:22:38","slug":"1919-03-31-reglamento-para-la-aplicacion-del-real-decreto-relativo-al-paro-forzoso","status":"publish","type":"post","link":"https:\/\/legishca.umh.es\/en\/1919\/03\/31\/1919-03-31-reglamento-para-la-aplicacion-del-real-decreto-relativo-al-paro-forzoso\/","title":{"rendered":"1919-03-31 Reglamento para la aplicaci\u00f3n del Real Decreto relativo al paro forzoso"},"content":{"rendered":"<table border=\"1\" width=\"690\" cellspacing=\"0\" cellpadding=\"0\" align=\"left\">\n<tbody>\n<tr>\n<td rowspan=\"11\" valign=\"top\" width=\"173\"><a href=\"http:\/\/legishca.umh.es\/files\/2015\/09\/1919-03-31-Real-Orden-aprobando-el-Reglamento-para-la-aplicaci\u00f3n-del-Real-decreto-de-18-de-marzo-pr\u00f3ximo-pasado-relativo-al-seguro-contra-el-paro-forzoso_P\u00e1gina_01.jpg\"><img loading=\"lazy\" class=\"alignnone size-medium wp-image-6292\" src=\"http:\/\/legishca.umh.es\/files\/2015\/09\/1919-03-31-Real-Orden-aprobando-el-Reglamento-para-la-aplicaci\u00f3n-del-Real-decreto-de-18-de-marzo-pr\u00f3ximo-pasado-relativo-al-seguro-contra-el-paro-forzoso_P\u00e1gina_01-209x300.jpg\" alt=\"1919-03-31 Real Orden, aprobando el Reglamento para la aplicaci\u00f3n del Real decreto de 18 de marzo pr\u00f3ximo pasado, relativo al seguro contra el paro forzoso_P\u00e1gina_01\" width=\"209\" height=\"300\" srcset=\"https:\/\/legishca.umh.es\/files\/2015\/09\/1919-03-31-Real-Orden-aprobando-el-Reglamento-para-la-aplicaci\u00f3n-del-Real-decreto-de-18-de-marzo-pr\u00f3ximo-pasado-relativo-al-seguro-contra-el-paro-forzoso_P\u00e1gina_01-209x300.jpg 209w, https:\/\/legishca.umh.es\/files\/2015\/09\/1919-03-31-Real-Orden-aprobando-el-Reglamento-para-la-aplicaci\u00f3n-del-Real-decreto-de-18-de-marzo-pr\u00f3ximo-pasado-relativo-al-seguro-contra-el-paro-forzoso_P\u00e1gina_01-715x1024.jpg 715w, https:\/\/legishca.umh.es\/files\/2015\/09\/1919-03-31-Real-Orden-aprobando-el-Reglamento-para-la-aplicaci\u00f3n-del-Real-decreto-de-18-de-marzo-pr\u00f3ximo-pasado-relativo-al-seguro-contra-el-paro-forzoso_P\u00e1gina_01.jpg 1560w\" sizes=\"(max-width: 209px) 100vw, 209px\" \/><\/a><\/td>\n<td valign=\"top\" bgcolor=\"#e3e4e6\" width=\"180\">\u00a0<strong>Num. identificaci\u00f3n<\/strong><\/td>\n<td valign=\"top\" width=\"404\">44e-2<\/td>\n<\/tr>\n<tr>\n<td valign=\"top\" bgcolor=\"#e3e4e6\" width=\"180\">\u00a0<strong>T\u00edtulo<\/strong><\/td>\n<td valign=\"top\" width=\"404\">Reglamento para la aplicaci\u00f3n del Real Decreto relativo al paro forzoso<\/td>\n<\/tr>\n<tr>\n<td valign=\"top\" bgcolor=\"#e3e4e6\" width=\"180\">\u00a0<strong>Materia<\/strong><\/td>\n<td valign=\"top\" width=\"404\">Legislaci\u00f3n Laboral\u00a0(Id. 44e)<\/td>\n<\/tr>\n<tr>\n<td bgcolor=\"#e3e4e6\" width=\"180\">\u00a0<strong>Voces<\/strong><\/td>\n<td width=\"404\">Reglamento y Paro Forzoso<\/td>\n<\/tr>\n<tr>\n<td valign=\"top\" bgcolor=\"#e3e4e6\" width=\"180\">\u00a0<strong>Texto<\/strong><\/td>\n<td valign=\"top\" width=\"404\">Se aprueba el Reglamento para la aplicaci\u00f3n del Real Decreto del 18 de marzo de 1919, relativo al seguro contra el paro forzoso.<\/td>\n<\/tr>\n<tr>\n<td valign=\"top\" bgcolor=\"#e3e4e6\" width=\"180\">\u00a0<strong>Tipo de norma<\/strong><\/td>\n<td valign=\"top\" width=\"404\">Real Orden<\/td>\n<\/tr>\n<tr>\n<td valign=\"top\" bgcolor=\"#e3e4e6\" width=\"180\">\u00a0<strong>Fecha de disposici\u00f3n<\/strong><\/td>\n<td valign=\"top\" width=\"404\">31-03-1919<\/td>\n<\/tr>\n<tr>\n<td valign=\"top\" bgcolor=\"#e3e4e6\" width=\"180\">\u00a0<strong>Instituci\u00f3n<\/strong><\/td>\n<td valign=\"top\" width=\"404\">Gobierno<\/td>\n<\/tr>\n<tr>\n<td valign=\"top\" bgcolor=\"#e3e4e6\" width=\"180\">\u00a0<strong>Fuente<\/strong><\/td>\n<td valign=\"top\" width=\"414\">Colecci\u00f3n Legislativa de Espa\u00f1a<\/td>\n<\/tr>\n<tr>\n<td valign=\"top\" bgcolor=\"#e3e4e6\" width=\"180\">\u00a0<strong>Documento<\/strong><\/td>\n<td valign=\"top\" width=\"404\">\u00a0<a href=\"https:\/\/drive.google.com\/file\/d\/0B27DzfbcyPNBNTNLSjN4M0swdms\/view?usp=sharing\">Enlace<\/a><\/td>\n<\/tr>\n<tr>\n<td valign=\"top\" bgcolor=\"#e3e4e6\" width=\"180\">\u00a0<strong>Debate Parlamentario<\/strong><\/td>\n<td valign=\"top\" width=\"404\">\u00a0Enlace<\/td>\n<\/tr>\n<\/tbody>\n<\/table>","protected":false},"excerpt":{"rendered":"<p>\u00a0Num. identificaci\u00f3n 44e-2 \u00a0T\u00edtulo Reglamento para la aplicaci\u00f3n del Real Decreto relativo al paro forzoso \u00a0Materia Legislaci\u00f3n Laboral\u00a0(Id. 44e) \u00a0Voces Reglamento y Paro Forzoso \u00a0Texto Se aprueba el Reglamento para la aplicaci\u00f3n del Real Decreto del 18 de marzo de 1919, relativo al seguro contra el paro forzoso. \u00a0Tipo de norma Real Orden \u00a0Fecha de [&hellip;]<\/p>\n","protected":false},"author":1092,"featured_media":0,"comment_status":"closed","ping_status":"closed","sticky":false,"template":"","format":"standard","meta":{"_et_pb_use_builder":"","_et_pb_old_content":"","_et_gb_content_width":"","_links_to":"","_links_to_target":""},"categories":[661,653],"tags":[642,627,649],"_links":{"self":[{"href":"https:\/\/legishca.umh.es\/en\/wp-json\/wp\/v2\/posts\/6275"}],"collection":[{"href":"https:\/\/legishca.umh.es\/en\/wp-json\/wp\/v2\/posts"}],"about":[{"href":"https:\/\/legishca.umh.es\/en\/wp-json\/wp\/v2\/types\/post"}],"author":[{"embeddable":true,"href":"https:\/\/legishca.umh.es\/en\/wp-json\/wp\/v2\/users\/1092"}],"replies":[{"embeddable":true,"href":"https:\/\/legishca.umh.es\/en\/wp-json\/wp\/v2\/comments?post=6275"}],"version-history":[{"count":0,"href":"https:\/\/legishca.umh.es\/en\/wp-json\/wp\/v2\/posts\/6275\/revisions"}],"wp:attachment":[{"href":"https:\/\/legishca.umh.es\/en\/wp-json\/wp\/v2\/media?parent=6275"}],"wp:term":[{"taxonomy":"category","embeddable":true,"href":"https:\/\/legishca.umh.es\/en\/wp-json\/wp\/v2\/categories?post=6275"},{"taxonomy":"post_tag","embeddable":true,"href":"https:\/\/legishca.umh.es\/en\/wp-json\/wp\/v2\/tags?post=6275"}],"curies":[{"name":"wp","href":"https:\/\/api.w.org\/{rel}","templated":true}]}}