{"id":6221,"date":"1913-08-24T10:38:21","date_gmt":"1913-08-24T10:38:21","guid":{"rendered":"http:\/\/legishca.umh.es\/?p=6221"},"modified":"2018-10-10T09:13:15","modified_gmt":"2018-10-10T09:13:15","slug":"1913-08-24-fijacion-de-la-jornada-maxima-de-ambos-sexos-en-la-industria-textil","status":"publish","type":"post","link":"https:\/\/legishca.umh.es\/en\/1913\/08\/24\/1913-08-24-fijacion-de-la-jornada-maxima-de-ambos-sexos-en-la-industria-textil\/","title":{"rendered":"1913-08-24 Fijaci\u00f3n de la jornada m\u00e1xima de ambos sexos en la industria textil"},"content":{"rendered":"<table border=\"1\" width=\"690\" cellspacing=\"0\" cellpadding=\"0\" align=\"left\">\n<tbody>\n<tr>\n<td rowspan=\"11\" valign=\"top\" width=\"173\"><a href=\"http:\/\/legishca.umh.es\/files\/2015\/09\/1913-08-24-Real-Decreto-fijando-la-jornada-m\u00e1xima-ordinaria-de-trabajo-efectivo-de-los-obreros-de-ambos-sexos-en-la-industria-textil_P\u00e1gina_1.jpg\"><img loading=\"lazy\" class=\"alignnone size-medium wp-image-6222\" src=\"http:\/\/legishca.umh.es\/files\/2015\/09\/1913-08-24-Real-Decreto-fijando-la-jornada-m\u00e1xima-ordinaria-de-trabajo-efectivo-de-los-obreros-de-ambos-sexos-en-la-industria-textil_P\u00e1gina_1-208x300.jpg\" alt=\"1913-08-24 Real Decreto, fijando la jornada m\u00e1xima ordinaria de trabajo efectivo de los obreros de ambos sexos en la industria textil_P\u00e1gina_1\" width=\"208\" height=\"300\" srcset=\"https:\/\/legishca.umh.es\/files\/2015\/09\/1913-08-24-Real-Decreto-fijando-la-jornada-m\u00e1xima-ordinaria-de-trabajo-efectivo-de-los-obreros-de-ambos-sexos-en-la-industria-textil_P\u00e1gina_1-208x300.jpg 208w, https:\/\/legishca.umh.es\/files\/2015\/09\/1913-08-24-Real-Decreto-fijando-la-jornada-m\u00e1xima-ordinaria-de-trabajo-efectivo-de-los-obreros-de-ambos-sexos-en-la-industria-textil_P\u00e1gina_1-711x1024.jpg 711w, https:\/\/legishca.umh.es\/files\/2015\/09\/1913-08-24-Real-Decreto-fijando-la-jornada-m\u00e1xima-ordinaria-de-trabajo-efectivo-de-los-obreros-de-ambos-sexos-en-la-industria-textil_P\u00e1gina_1.jpg 1600w\" sizes=\"(max-width: 208px) 100vw, 208px\" \/><\/a><\/td>\n<td valign=\"top\" bgcolor=\"#e3e4e6\" width=\"180\">\u00a0<strong>Num. identificaci\u00f3n<\/strong><\/td>\n<td valign=\"top\" width=\"404\">44c-8<\/td>\n<\/tr>\n<tr>\n<td valign=\"top\" bgcolor=\"#e3e4e6\" width=\"180\">\u00a0<strong>T\u00edtulo<\/strong><\/td>\n<td valign=\"top\" width=\"404\">Fijaci\u00f3n de la jornada m\u00e1xima de ambos sexos en la industria textil<\/td>\n<\/tr>\n<tr>\n<td valign=\"top\" bgcolor=\"#e3e4e6\" width=\"180\">\u00a0<strong>Materia<\/strong><\/td>\n<td valign=\"top\" width=\"404\">Legislaci\u00f3n Laboral\u00a0(Id. 44c)<\/td>\n<\/tr>\n<tr>\n<td bgcolor=\"#e3e4e6\" width=\"180\">\u00a0<strong>Voces<\/strong><\/td>\n<td width=\"404\">Jornada M\u00e1xima e Industria Textil<\/td>\n<\/tr>\n<tr>\n<td valign=\"top\" bgcolor=\"#e3e4e6\" width=\"180\">\u00a0<strong>Texto<\/strong><\/td>\n<td valign=\"top\" width=\"404\">Se fija la jornada m\u00e1xima ordinaria de trabajo efectivo de los obreros de ambos sexos en la industria textil.<\/td>\n<\/tr>\n<tr>\n<td valign=\"top\" bgcolor=\"#e3e4e6\" width=\"180\">\u00a0<strong>Tipo de norma<\/strong><\/td>\n<td valign=\"top\" width=\"404\">Real Decreto<\/td>\n<\/tr>\n<tr>\n<td valign=\"top\" bgcolor=\"#e3e4e6\" width=\"180\">\u00a0<strong>Fecha de disposici\u00f3n<\/strong><\/td>\n<td valign=\"top\" width=\"404\">24-08-1913<\/td>\n<\/tr>\n<tr>\n<td valign=\"top\" bgcolor=\"#e3e4e6\" width=\"180\">\u00a0<strong>Instituci\u00f3n<\/strong><\/td>\n<td valign=\"top\" width=\"404\">Gobierno<\/td>\n<\/tr>\n<tr>\n<td valign=\"top\" bgcolor=\"#e3e4e6\" width=\"180\">\u00a0<strong>Fuente<\/strong><\/td>\n<td valign=\"top\" width=\"414\">Colecci\u00f3n Legislativa de Espa\u00f1a<\/td>\n<\/tr>\n<tr>\n<td valign=\"top\" bgcolor=\"#e3e4e6\" width=\"180\">\u00a0<strong>Documento<\/strong><\/td>\n<td valign=\"top\" width=\"404\">\u00a0<a href=\"https:\/\/drive.google.com\/file\/d\/0B27DzfbcyPNBcGhMZVpfUGJsOEE\/view?usp=sharing\">Enlace<\/a><\/td>\n<\/tr>\n<tr>\n<td valign=\"top\" bgcolor=\"#e3e4e6\" width=\"180\">\u00a0<strong>Debate Parlamentario<\/strong><\/td>\n<td valign=\"top\" width=\"404\">\u00a0Enlace<\/td>\n<\/tr>\n<\/tbody>\n<\/table>","protected":false},"excerpt":{"rendered":"<p>\u00a0Num. identificaci\u00f3n 44c-8 \u00a0T\u00edtulo Fijaci\u00f3n de la jornada m\u00e1xima de ambos sexos en la industria textil \u00a0Materia Legislaci\u00f3n Laboral\u00a0(Id. 44c) \u00a0Voces Jornada M\u00e1xima e Industria Textil \u00a0Texto Se fija la jornada m\u00e1xima ordinaria de trabajo efectivo de los obreros de ambos sexos en la industria textil. \u00a0Tipo de norma Real Decreto \u00a0Fecha de disposici\u00f3n 24-08-1913 [&hellip;]<\/p>\n","protected":false},"author":1092,"featured_media":0,"comment_status":"closed","ping_status":"closed","sticky":false,"template":"","format":"standard","meta":{"_et_pb_use_builder":"","_et_pb_old_content":"","_et_gb_content_width":"","_links_to":"","_links_to_target":""},"categories":[658,653],"tags":[642,623,627],"_links":{"self":[{"href":"https:\/\/legishca.umh.es\/en\/wp-json\/wp\/v2\/posts\/6221"}],"collection":[{"href":"https:\/\/legishca.umh.es\/en\/wp-json\/wp\/v2\/posts"}],"about":[{"href":"https:\/\/legishca.umh.es\/en\/wp-json\/wp\/v2\/types\/post"}],"author":[{"embeddable":true,"href":"https:\/\/legishca.umh.es\/en\/wp-json\/wp\/v2\/users\/1092"}],"replies":[{"embeddable":true,"href":"https:\/\/legishca.umh.es\/en\/wp-json\/wp\/v2\/comments?post=6221"}],"version-history":[{"count":0,"href":"https:\/\/legishca.umh.es\/en\/wp-json\/wp\/v2\/posts\/6221\/revisions"}],"wp:attachment":[{"href":"https:\/\/legishca.umh.es\/en\/wp-json\/wp\/v2\/media?parent=6221"}],"wp:term":[{"taxonomy":"category","embeddable":true,"href":"https:\/\/legishca.umh.es\/en\/wp-json\/wp\/v2\/categories?post=6221"},{"taxonomy":"post_tag","embeddable":true,"href":"https:\/\/legishca.umh.es\/en\/wp-json\/wp\/v2\/tags?post=6221"}],"curies":[{"name":"wp","href":"https:\/\/api.w.org\/{rel}","templated":true}]}}