{"id":6218,"date":"1912-12-29T10:31:25","date_gmt":"1912-12-29T10:31:25","guid":{"rendered":"http:\/\/legishca.umh.es\/?p=6218"},"modified":"2018-10-10T09:12:38","modified_gmt":"2018-10-10T09:12:38","slug":"1912-02-29-reglamento-provisional-para-la-aplicacion-de-la-ley-fijando-la-jornada-maxima-de-trabajo-en-minas","status":"publish","type":"post","link":"https:\/\/legishca.umh.es\/en\/1912\/12\/29\/1912-02-29-reglamento-provisional-para-la-aplicacion-de-la-ley-fijando-la-jornada-maxima-de-trabajo-en-minas\/","title":{"rendered":"1912-02-29 Reglamento provisional para la aplicaci\u00f3n de la ley fijando la jornada m\u00e1xima de trabajo en minas"},"content":{"rendered":"<table border=\"1\" width=\"690\" cellspacing=\"0\" cellpadding=\"0\" align=\"left\">\n<tbody>\n<tr>\n<td rowspan=\"11\" valign=\"top\" width=\"173\"><a href=\"http:\/\/legishca.umh.es\/files\/2015\/09\/1912-02-29-Real-Decreto-aprobando-el-Reglamento-provisional-para-la-aplicaci\u00f3n-de-la-ley-de-27-de-Diciembre-de-1910-fijando-la-jornada-m\u00e1xima-de-traba_P\u00e1gina_1.jpg\"><img loading=\"lazy\" class=\"alignnone size-medium wp-image-6219\" src=\"http:\/\/legishca.umh.es\/files\/2015\/09\/1912-02-29-Real-Decreto-aprobando-el-Reglamento-provisional-para-la-aplicaci\u00f3n-de-la-ley-de-27-de-Diciembre-de-1910-fijando-la-jornada-m\u00e1xima-de-traba_P\u00e1gina_1-209x300.jpg\" alt=\"1912-02-29 Real Decreto,  aprobando el Reglamento provisional para la aplicaci\u00f3n de la ley de 27 de Diciembre de 1910, fijando la jornada m\u00e1xima de traba_P\u00e1gina_1\" width=\"209\" height=\"300\" srcset=\"https:\/\/legishca.umh.es\/files\/2015\/09\/1912-02-29-Real-Decreto-aprobando-el-Reglamento-provisional-para-la-aplicaci\u00f3n-de-la-ley-de-27-de-Diciembre-de-1910-fijando-la-jornada-m\u00e1xima-de-traba_P\u00e1gina_1-209x300.jpg 209w, https:\/\/legishca.umh.es\/files\/2015\/09\/1912-02-29-Real-Decreto-aprobando-el-Reglamento-provisional-para-la-aplicaci\u00f3n-de-la-ley-de-27-de-Diciembre-de-1910-fijando-la-jornada-m\u00e1xima-de-traba_P\u00e1gina_1-715x1024.jpg 715w, https:\/\/legishca.umh.es\/files\/2015\/09\/1912-02-29-Real-Decreto-aprobando-el-Reglamento-provisional-para-la-aplicaci\u00f3n-de-la-ley-de-27-de-Diciembre-de-1910-fijando-la-jornada-m\u00e1xima-de-traba_P\u00e1gina_1.jpg 1600w\" sizes=\"(max-width: 209px) 100vw, 209px\" \/><\/a><\/td>\n<td valign=\"top\" bgcolor=\"#e3e4e6\" width=\"180\">\u00a0<strong>Num. identificaci\u00f3n<\/strong><\/td>\n<td valign=\"top\" width=\"404\">44c-7<\/td>\n<\/tr>\n<tr>\n<td valign=\"top\" bgcolor=\"#e3e4e6\" width=\"180\">\u00a0<strong>T\u00edtulo<\/strong><\/td>\n<td valign=\"top\" width=\"404\">Reglamento provisional para la aplicaci\u00f3n de la ley fijando la jornada m\u00e1xima de trabajo en minas<\/td>\n<\/tr>\n<tr>\n<td valign=\"top\" bgcolor=\"#e3e4e6\" width=\"180\">\u00a0<strong>Materia<\/strong><\/td>\n<td valign=\"top\" width=\"404\">Legislaci\u00f3n Laboral\u00a0(Id. 44c)<\/td>\n<\/tr>\n<tr>\n<td bgcolor=\"#e3e4e6\" width=\"180\">\u00a0<strong>Voces<\/strong><\/td>\n<td width=\"404\">Jornada M\u00e1xima, Minas y Reglamento Provisional<\/td>\n<\/tr>\n<tr>\n<td valign=\"top\" bgcolor=\"#e3e4e6\" width=\"180\">\u00a0<strong>Texto<\/strong><\/td>\n<td valign=\"top\" width=\"404\">Se aprueba el Reglamento provisional para la aplicaci\u00f3n de la ley del 27 de Diciembre de 1910, fijando la jornada m\u00e1xima de trabajo en las minas.<\/td>\n<\/tr>\n<tr>\n<td valign=\"top\" bgcolor=\"#e3e4e6\" width=\"180\">\u00a0<strong>Tipo de norma<\/strong><\/td>\n<td valign=\"top\" width=\"404\">Real Decreto<\/td>\n<\/tr>\n<tr>\n<td valign=\"top\" bgcolor=\"#e3e4e6\" width=\"180\">\u00a0<strong>Fecha de disposici\u00f3n<\/strong><\/td>\n<td valign=\"top\" width=\"404\">29-02-1912<\/td>\n<\/tr>\n<tr>\n<td valign=\"top\" bgcolor=\"#e3e4e6\" width=\"180\">\u00a0<strong>Instituci\u00f3n<\/strong><\/td>\n<td valign=\"top\" width=\"404\">Gobierno<\/td>\n<\/tr>\n<tr>\n<td valign=\"top\" bgcolor=\"#e3e4e6\" width=\"180\">\u00a0<strong>Fuente<\/strong><\/td>\n<td valign=\"top\" width=\"414\">Colecci\u00f3n Legislativa de Espa\u00f1a<\/td>\n<\/tr>\n<tr>\n<td valign=\"top\" bgcolor=\"#e3e4e6\" width=\"180\">\u00a0<strong>Documento<\/strong><\/td>\n<td valign=\"top\" width=\"404\">\u00a0<a href=\"https:\/\/drive.google.com\/file\/d\/0B27DzfbcyPNBOUJIaDlzc3BIRzA\/view?usp=sharing\">Enlace<\/a><\/td>\n<\/tr>\n<tr>\n<td valign=\"top\" bgcolor=\"#e3e4e6\" width=\"180\">\u00a0<strong>Debate Parlamentario<\/strong><\/td>\n<td valign=\"top\" width=\"404\">\u00a0Enlace<\/td>\n<\/tr>\n<\/tbody>\n<\/table>","protected":false},"excerpt":{"rendered":"<p>\u00a0Num. identificaci\u00f3n 44c-7 \u00a0T\u00edtulo Reglamento provisional para la aplicaci\u00f3n de la ley fijando la jornada m\u00e1xima de trabajo en minas \u00a0Materia Legislaci\u00f3n Laboral\u00a0(Id. 44c) \u00a0Voces Jornada M\u00e1xima, Minas y Reglamento Provisional \u00a0Texto Se aprueba el Reglamento provisional para la aplicaci\u00f3n de la ley del 27 de Diciembre de 1910, fijando la jornada m\u00e1xima de trabajo [&hellip;]<\/p>\n","protected":false},"author":1092,"featured_media":0,"comment_status":"closed","ping_status":"closed","sticky":false,"template":"","format":"standard","meta":{"_et_pb_use_builder":"","_et_pb_old_content":"","_et_gb_content_width":"","_links_to":"","_links_to_target":""},"categories":[658,653],"tags":[642,623,627],"_links":{"self":[{"href":"https:\/\/legishca.umh.es\/en\/wp-json\/wp\/v2\/posts\/6218"}],"collection":[{"href":"https:\/\/legishca.umh.es\/en\/wp-json\/wp\/v2\/posts"}],"about":[{"href":"https:\/\/legishca.umh.es\/en\/wp-json\/wp\/v2\/types\/post"}],"author":[{"embeddable":true,"href":"https:\/\/legishca.umh.es\/en\/wp-json\/wp\/v2\/users\/1092"}],"replies":[{"embeddable":true,"href":"https:\/\/legishca.umh.es\/en\/wp-json\/wp\/v2\/comments?post=6218"}],"version-history":[{"count":0,"href":"https:\/\/legishca.umh.es\/en\/wp-json\/wp\/v2\/posts\/6218\/revisions"}],"wp:attachment":[{"href":"https:\/\/legishca.umh.es\/en\/wp-json\/wp\/v2\/media?parent=6218"}],"wp:term":[{"taxonomy":"category","embeddable":true,"href":"https:\/\/legishca.umh.es\/en\/wp-json\/wp\/v2\/categories?post=6218"},{"taxonomy":"post_tag","embeddable":true,"href":"https:\/\/legishca.umh.es\/en\/wp-json\/wp\/v2\/tags?post=6218"}],"curies":[{"name":"wp","href":"https:\/\/api.w.org\/{rel}","templated":true}]}}