{"id":5879,"date":"1886-03-23T11:12:08","date_gmt":"1886-03-23T11:12:08","guid":{"rendered":"http:\/\/legishca.umh.es\/?p=5879"},"modified":"2018-10-10T08:48:42","modified_gmt":"2018-10-10T08:48:42","slug":"1886-03-23-reclamaciones-de-los-particulares-por-la-via-gubernativa","status":"publish","type":"post","link":"https:\/\/legishca.umh.es\/en\/1886\/03\/23\/1886-03-23-reclamaciones-de-los-particulares-por-la-via-gubernativa\/","title":{"rendered":"1886-03-23 Reclamaciones de los particulares por la v\u00eda gubernativa"},"content":{"rendered":"<table border=\"1\" width=\"690\" cellspacing=\"0\" cellpadding=\"0\" align=\"left\">\n<tbody>\n<tr>\n<td rowspan=\"11\" valign=\"top\" width=\"173\"><a href=\"http:\/\/legishca.umh.es\/files\/2015\/09\/1886-03-23-Real-Decreto-dictando-reglas-relativas-al-procedimiento-para-sustanciar-la-v\u00eda-gubernativa-en-las-reclamaciones-de-los-particulares-como-tr\u00e1mite-previo-a-la-v\u00eda-judici_P\u00e1gina_1.jpg\"><img loading=\"lazy\" class=\"alignnone size-medium wp-image-5880\" src=\"http:\/\/legishca.umh.es\/files\/2015\/09\/1886-03-23-Real-Decreto-dictando-reglas-relativas-al-procedimiento-para-sustanciar-la-v\u00eda-gubernativa-en-las-reclamaciones-de-los-particulares-como-tr\u00e1mite-previo-a-la-v\u00eda-judici_P\u00e1gina_1-208x300.jpg\" alt=\"1886-03-23 Real Decreto, dictando reglas relativas al procedimiento para sustanciar la v\u00eda gubernativa en las reclamaciones de los particulares, como tr\u00e1mite previo a la v\u00eda judici_P\u00e1gina_1\" width=\"208\" height=\"300\" srcset=\"https:\/\/legishca.umh.es\/files\/2015\/09\/1886-03-23-Real-Decreto-dictando-reglas-relativas-al-procedimiento-para-sustanciar-la-v\u00eda-gubernativa-en-las-reclamaciones-de-los-particulares-como-tr\u00e1mite-previo-a-la-v\u00eda-judici_P\u00e1gina_1-208x300.jpg 208w, https:\/\/legishca.umh.es\/files\/2015\/09\/1886-03-23-Real-Decreto-dictando-reglas-relativas-al-procedimiento-para-sustanciar-la-v\u00eda-gubernativa-en-las-reclamaciones-de-los-particulares-como-tr\u00e1mite-previo-a-la-v\u00eda-judici_P\u00e1gina_1-711x1024.jpg 711w, https:\/\/legishca.umh.es\/files\/2015\/09\/1886-03-23-Real-Decreto-dictando-reglas-relativas-al-procedimiento-para-sustanciar-la-v\u00eda-gubernativa-en-las-reclamaciones-de-los-particulares-como-tr\u00e1mite-previo-a-la-v\u00eda-judici_P\u00e1gina_1.jpg 1592w\" sizes=\"(max-width: 208px) 100vw, 208px\" \/><\/a><\/td>\n<td valign=\"top\" bgcolor=\"#e3e4e6\" width=\"180\">\u00a0<strong>Num. identificaci\u00f3n<\/strong><\/td>\n<td valign=\"top\" width=\"404\">42-17<\/td>\n<\/tr>\n<tr>\n<td valign=\"top\" bgcolor=\"#e3e4e6\" width=\"180\">\u00a0<strong>T\u00edtulo<\/strong><\/td>\n<td valign=\"top\" width=\"404\">Reclamaciones de los particulares por la v\u00eda gubernativa<\/td>\n<\/tr>\n<tr>\n<td valign=\"top\" bgcolor=\"#e3e4e6\" width=\"180\">\u00a0<strong>Materia<\/strong><\/td>\n<td valign=\"top\" width=\"404\">Proceso civil\u00a0(Id. 42)<\/td>\n<\/tr>\n<tr>\n<td bgcolor=\"#e3e4e6\" width=\"180\">\u00a0<strong>Voces<\/strong><\/td>\n<td width=\"404\">V\u00eda Gubernativa y Reclamaciones<\/td>\n<\/tr>\n<tr>\n<td valign=\"top\" bgcolor=\"#e3e4e6\" width=\"180\">\u00a0<strong>Texto<\/strong><\/td>\n<td valign=\"top\" width=\"404\">Se dictan reglas relativas al procedimiento para sustanciar la v\u00eda gubernativa en las reclamaciones de los particulares, como tramite previo a la v\u00eda judicial en asuntos de inter\u00e9s del Estado.<\/td>\n<\/tr>\n<tr>\n<td valign=\"top\" bgcolor=\"#e3e4e6\" width=\"180\">\u00a0<strong>Tipo de norma<\/strong><\/td>\n<td valign=\"top\" width=\"404\">Real Decreto<\/td>\n<\/tr>\n<tr>\n<td valign=\"top\" bgcolor=\"#e3e4e6\" width=\"180\">\u00a0<strong>Fecha de disposici\u00f3n<\/strong><\/td>\n<td valign=\"top\" width=\"404\">23-03-1886<\/td>\n<\/tr>\n<tr>\n<td valign=\"top\" bgcolor=\"#e3e4e6\" width=\"180\">\u00a0<strong>Instituci\u00f3n<\/strong><\/td>\n<td valign=\"top\" width=\"404\">Gobierno<\/td>\n<\/tr>\n<tr>\n<td valign=\"top\" bgcolor=\"#e3e4e6\" width=\"180\">\u00a0<strong>Fuente<\/strong><\/td>\n<td valign=\"top\" width=\"414\">Colecci\u00f3n Legislativa de Espa\u00f1a<\/td>\n<\/tr>\n<tr>\n<td valign=\"top\" bgcolor=\"#e3e4e6\" width=\"180\">\u00a0<strong>Documento<\/strong><\/td>\n<td valign=\"top\" width=\"404\">\u00a0<a href=\"https:\/\/drive.google.com\/file\/d\/0B27DzfbcyPNBSnczZ2wyVDNVZlE\/view?usp=sharing\">Enlace<\/a><\/td>\n<\/tr>\n<tr>\n<td valign=\"top\" bgcolor=\"#e3e4e6\" width=\"180\">\u00a0<strong>Debate Parlamentario<\/strong><\/td>\n<td valign=\"top\" width=\"404\">\u00a0Enlace<\/td>\n<\/tr>\n<\/tbody>\n<\/table>","protected":false},"excerpt":{"rendered":"<p>\u00a0Num. identificaci\u00f3n 42-17 \u00a0T\u00edtulo Reclamaciones de los particulares por la v\u00eda gubernativa \u00a0Materia Proceso civil\u00a0(Id. 42) \u00a0Voces V\u00eda Gubernativa y Reclamaciones \u00a0Texto Se dictan reglas relativas al procedimiento para sustanciar la v\u00eda gubernativa en las reclamaciones de los particulares, como tramite previo a la v\u00eda judicial en asuntos de inter\u00e9s del Estado. \u00a0Tipo de norma [&hellip;]<\/p>\n","protected":false},"author":1092,"featured_media":0,"comment_status":"closed","ping_status":"closed","sticky":false,"template":"","format":"standard","meta":{"_et_pb_use_builder":"","_et_pb_old_content":"","_et_gb_content_width":"","_links_to":"","_links_to_target":""},"categories":[618],"tags":[623,627,641],"_links":{"self":[{"href":"https:\/\/legishca.umh.es\/en\/wp-json\/wp\/v2\/posts\/5879"}],"collection":[{"href":"https:\/\/legishca.umh.es\/en\/wp-json\/wp\/v2\/posts"}],"about":[{"href":"https:\/\/legishca.umh.es\/en\/wp-json\/wp\/v2\/types\/post"}],"author":[{"embeddable":true,"href":"https:\/\/legishca.umh.es\/en\/wp-json\/wp\/v2\/users\/1092"}],"replies":[{"embeddable":true,"href":"https:\/\/legishca.umh.es\/en\/wp-json\/wp\/v2\/comments?post=5879"}],"version-history":[{"count":0,"href":"https:\/\/legishca.umh.es\/en\/wp-json\/wp\/v2\/posts\/5879\/revisions"}],"wp:attachment":[{"href":"https:\/\/legishca.umh.es\/en\/wp-json\/wp\/v2\/media?parent=5879"}],"wp:term":[{"taxonomy":"category","embeddable":true,"href":"https:\/\/legishca.umh.es\/en\/wp-json\/wp\/v2\/categories?post=5879"},{"taxonomy":"post_tag","embeddable":true,"href":"https:\/\/legishca.umh.es\/en\/wp-json\/wp\/v2\/tags?post=5879"}],"curies":[{"name":"wp","href":"https:\/\/api.w.org\/{rel}","templated":true}]}}