{"id":5853,"date":"1851-09-20T10:31:34","date_gmt":"1851-09-20T10:31:34","guid":{"rendered":"http:\/\/legishca.umh.es\/?p=5853"},"modified":"2018-10-10T08:44:08","modified_gmt":"2018-10-10T08:44:08","slug":"1851-09-20-inadmision-de-las-demandas-judiciales-contra-la-hacienda-sin-haber-precedido-reclamacion-por-via-gubernativa","status":"publish","type":"post","link":"https:\/\/legishca.umh.es\/en\/1851\/09\/20\/1851-09-20-inadmision-de-las-demandas-judiciales-contra-la-hacienda-sin-haber-precedido-reclamacion-por-via-gubernativa\/","title":{"rendered":"1851-09-20 Inadmisi\u00f3n de las demandas judiciales contra la Hacienda sin haber precedido reclamaci\u00f3n por v\u00eda gubernativa"},"content":{"rendered":"<table border=\"1\" width=\"690\" cellspacing=\"0\" cellpadding=\"0\" align=\"left\">\n<tbody>\n<tr>\n<td rowspan=\"11\" valign=\"top\" width=\"173\"><a href=\"http:\/\/legishca.umh.es\/files\/2015\/09\/1851-09-20-Real-Decreto-previniendo-que-no-se-admitan-demandas-judiciales-contra-la-Hacienda-sin-que-se-certifique-haber-precedido-reclamaci\u00f3n-en-la-v\u00eda-gubernativa_P\u00e1gina_1.jpg\"><img loading=\"lazy\" class=\"alignnone size-medium wp-image-5854\" src=\"http:\/\/legishca.umh.es\/files\/2015\/09\/1851-09-20-Real-Decreto-previniendo-que-no-se-admitan-demandas-judiciales-contra-la-Hacienda-sin-que-se-certifique-haber-precedido-reclamaci\u00f3n-en-la-v\u00eda-gubernativa_P\u00e1gina_1-208x300.jpg\" alt=\"1851-09-20 Real Decreto, previniendo que no se admitan demandas judiciales contra la Hacienda, sin que se certifique haber precedido reclamaci\u00f3n en la v\u00eda gubernativa_P\u00e1gina_1\" width=\"208\" height=\"300\" srcset=\"https:\/\/legishca.umh.es\/files\/2015\/09\/1851-09-20-Real-Decreto-previniendo-que-no-se-admitan-demandas-judiciales-contra-la-Hacienda-sin-que-se-certifique-haber-precedido-reclamaci\u00f3n-en-la-v\u00eda-gubernativa_P\u00e1gina_1-208x300.jpg 208w, https:\/\/legishca.umh.es\/files\/2015\/09\/1851-09-20-Real-Decreto-previniendo-que-no-se-admitan-demandas-judiciales-contra-la-Hacienda-sin-que-se-certifique-haber-precedido-reclamaci\u00f3n-en-la-v\u00eda-gubernativa_P\u00e1gina_1-711x1024.jpg 711w, https:\/\/legishca.umh.es\/files\/2015\/09\/1851-09-20-Real-Decreto-previniendo-que-no-se-admitan-demandas-judiciales-contra-la-Hacienda-sin-que-se-certifique-haber-precedido-reclamaci\u00f3n-en-la-v\u00eda-gubernativa_P\u00e1gina_1.jpg 1600w\" sizes=\"(max-width: 208px) 100vw, 208px\" \/><\/a><\/td>\n<td valign=\"top\" bgcolor=\"#e3e4e6\" width=\"180\">\u00a0<strong>Num. identificaci\u00f3n<\/strong><\/td>\n<td valign=\"top\" width=\"404\">42-9<\/td>\n<\/tr>\n<tr>\n<td valign=\"top\" bgcolor=\"#e3e4e6\" width=\"180\">\u00a0<strong>T\u00edtulo<\/strong><\/td>\n<td valign=\"top\" width=\"404\">Inadmisi\u00f3n de las demandas judiciales contra la Hacienda sin haber precedido reclamaci\u00f3n por v\u00eda gubernativa<\/td>\n<\/tr>\n<tr>\n<td valign=\"top\" bgcolor=\"#e3e4e6\" width=\"180\">\u00a0<strong>Materia<\/strong><\/td>\n<td valign=\"top\" width=\"404\">Proceso civil\u00a0(Id. 42)<\/td>\n<\/tr>\n<tr>\n<td bgcolor=\"#e3e4e6\" width=\"180\">\u00a0<strong>Voces<\/strong><\/td>\n<td width=\"404\">V\u00eda Gubernativa, Hacienda y Demandas Judiciales<\/td>\n<\/tr>\n<tr>\n<td valign=\"top\" bgcolor=\"#e3e4e6\" width=\"180\">\u00a0<strong>Texto<\/strong><\/td>\n<td valign=\"top\" width=\"404\">Se previene que no se admitan demandas judiciales contra la Hacienda, sin que se certifique haber precedido reclamaci\u00f3n en la v\u00eda gubernativa.<\/td>\n<\/tr>\n<tr>\n<td valign=\"top\" bgcolor=\"#e3e4e6\" width=\"180\">\u00a0<strong>Tipo de norma<\/strong><\/td>\n<td valign=\"top\" width=\"404\">Real Decreto<\/td>\n<\/tr>\n<tr>\n<td valign=\"top\" bgcolor=\"#e3e4e6\" width=\"180\">\u00a0<strong>Fecha de disposici\u00f3n<\/strong><\/td>\n<td valign=\"top\" width=\"404\">20-09-1851<\/td>\n<\/tr>\n<tr>\n<td valign=\"top\" bgcolor=\"#e3e4e6\" width=\"180\">\u00a0<strong>Instituci\u00f3n<\/strong><\/td>\n<td valign=\"top\" width=\"404\">Gobierno<\/td>\n<\/tr>\n<tr>\n<td valign=\"top\" bgcolor=\"#e3e4e6\" width=\"180\">\u00a0<strong>Fuente<\/strong><\/td>\n<td valign=\"top\" width=\"414\">Colecci\u00f3n Legislativa de Espa\u00f1a<\/td>\n<\/tr>\n<tr>\n<td valign=\"top\" bgcolor=\"#e3e4e6\" width=\"180\">\u00a0<strong>Documento<\/strong><\/td>\n<td valign=\"top\" width=\"404\">\u00a0<a href=\"https:\/\/drive.google.com\/file\/d\/0B27DzfbcyPNBYnBJTGpjT3AwcDA\/view?usp=sharing\">Enlace<\/a><\/td>\n<\/tr>\n<tr>\n<td valign=\"top\" bgcolor=\"#e3e4e6\" width=\"180\">\u00a0<strong>Debate Parlamentario<\/strong><\/td>\n<td valign=\"top\" width=\"404\">\u00a0Enlace<\/td>\n<\/tr>\n<\/tbody>\n<\/table>","protected":false},"excerpt":{"rendered":"<p>\u00a0Num. identificaci\u00f3n 42-9 \u00a0T\u00edtulo Inadmisi\u00f3n de las demandas judiciales contra la Hacienda sin haber precedido reclamaci\u00f3n por v\u00eda gubernativa \u00a0Materia Proceso civil\u00a0(Id. 42) \u00a0Voces V\u00eda Gubernativa, Hacienda y Demandas Judiciales \u00a0Texto Se previene que no se admitan demandas judiciales contra la Hacienda, sin que se certifique haber precedido reclamaci\u00f3n en la v\u00eda gubernativa. \u00a0Tipo de [&hellip;]<\/p>\n","protected":false},"author":1092,"featured_media":0,"comment_status":"closed","ping_status":"closed","sticky":false,"template":"","format":"standard","meta":{"_et_pb_use_builder":"","_et_pb_old_content":"","_et_gb_content_width":"","_links_to":"","_links_to_target":""},"categories":[618],"tags":[634,623,627],"_links":{"self":[{"href":"https:\/\/legishca.umh.es\/en\/wp-json\/wp\/v2\/posts\/5853"}],"collection":[{"href":"https:\/\/legishca.umh.es\/en\/wp-json\/wp\/v2\/posts"}],"about":[{"href":"https:\/\/legishca.umh.es\/en\/wp-json\/wp\/v2\/types\/post"}],"author":[{"embeddable":true,"href":"https:\/\/legishca.umh.es\/en\/wp-json\/wp\/v2\/users\/1092"}],"replies":[{"embeddable":true,"href":"https:\/\/legishca.umh.es\/en\/wp-json\/wp\/v2\/comments?post=5853"}],"version-history":[{"count":0,"href":"https:\/\/legishca.umh.es\/en\/wp-json\/wp\/v2\/posts\/5853\/revisions"}],"wp:attachment":[{"href":"https:\/\/legishca.umh.es\/en\/wp-json\/wp\/v2\/media?parent=5853"}],"wp:term":[{"taxonomy":"category","embeddable":true,"href":"https:\/\/legishca.umh.es\/en\/wp-json\/wp\/v2\/categories?post=5853"},{"taxonomy":"post_tag","embeddable":true,"href":"https:\/\/legishca.umh.es\/en\/wp-json\/wp\/v2\/tags?post=5853"}],"curies":[{"name":"wp","href":"https:\/\/api.w.org\/{rel}","templated":true}]}}