{"id":5799,"date":"1897-09-01T17:22:17","date_gmt":"1897-09-01T17:22:17","guid":{"rendered":"http:\/\/legishca.umh.es\/?p=5799"},"modified":"2018-10-10T08:33:21","modified_gmt":"2018-10-10T08:33:21","slug":"1897-09-01-clasificacion-de-los-sujetos-condenados-por-enajenacion-mental","status":"publish","type":"post","link":"https:\/\/legishca.umh.es\/en\/1897\/09\/01\/1897-09-01-clasificacion-de-los-sujetos-condenados-por-enajenacion-mental\/","title":{"rendered":"1897-09-01 Clasificaci\u00f3n de los sujetos condenados por enajenaci\u00f3n mental"},"content":{"rendered":"<table border=\"1\" width=\"690\" cellspacing=\"0\" cellpadding=\"0\" align=\"left\">\n<tbody>\n<tr>\n<td rowspan=\"11\" valign=\"top\" width=\"173\"><a href=\"http:\/\/legishca.umh.es\/files\/2015\/08\/1897-09-01-Real-Decreto-estableciendo-la-clasificaci\u00f3n-de-los-locos-sujetos-\u00e1-procedimiento-criminal-\u00f3-suspensos-de-condena-por-causa-de-enajenaci\u00f3n-mental_P\u00e1gina_1.jpg\"><img loading=\"lazy\" class=\"alignnone size-medium wp-image-5800\" src=\"http:\/\/legishca.umh.es\/files\/2015\/08\/1897-09-01-Real-Decreto-estableciendo-la-clasificaci\u00f3n-de-los-locos-sujetos-\u00e1-procedimiento-criminal-\u00f3-suspensos-de-condena-por-causa-de-enajenaci\u00f3n-mental_P\u00e1gina_1-208x300.jpg\" alt=\"1897-09-01 Real Decreto, estableciendo la clasificaci\u00f3n de los locos sujetos \u00e1 procedimiento criminal \u00f3 suspensos de condena por causa de enajenaci\u00f3n mental_P\u00e1gina_1\" width=\"208\" height=\"300\" srcset=\"https:\/\/legishca.umh.es\/files\/2015\/08\/1897-09-01-Real-Decreto-estableciendo-la-clasificaci\u00f3n-de-los-locos-sujetos-\u00e1-procedimiento-criminal-\u00f3-suspensos-de-condena-por-causa-de-enajenaci\u00f3n-mental_P\u00e1gina_1-208x300.jpg 208w, https:\/\/legishca.umh.es\/files\/2015\/08\/1897-09-01-Real-Decreto-estableciendo-la-clasificaci\u00f3n-de-los-locos-sujetos-\u00e1-procedimiento-criminal-\u00f3-suspensos-de-condena-por-causa-de-enajenaci\u00f3n-mental_P\u00e1gina_1-711x1024.jpg 711w, https:\/\/legishca.umh.es\/files\/2015\/08\/1897-09-01-Real-Decreto-estableciendo-la-clasificaci\u00f3n-de-los-locos-sujetos-\u00e1-procedimiento-criminal-\u00f3-suspensos-de-condena-por-causa-de-enajenaci\u00f3n-mental_P\u00e1gina_1.jpg 1600w\" sizes=\"(max-width: 208px) 100vw, 208px\" \/><\/a><\/td>\n<td valign=\"top\" bgcolor=\"#e3e4e6\" width=\"180\">\u00a0<strong>Num. identificaci\u00f3n<\/strong><\/td>\n<td valign=\"top\" width=\"404\">41-17<\/td>\n<\/tr>\n<tr>\n<td valign=\"top\" bgcolor=\"#e3e4e6\" width=\"180\">\u00a0<strong>T\u00edtulo<\/strong><\/td>\n<td valign=\"top\" width=\"404\">Clasificaci\u00f3n de los sujetos condenados por enajenaci\u00f3n mental<\/td>\n<\/tr>\n<tr>\n<td valign=\"top\" bgcolor=\"#e3e4e6\" width=\"180\">\u00a0<strong>Materia<\/strong><\/td>\n<td valign=\"top\" width=\"404\">Legislaci\u00f3n penitenciaria (Id. 41)<\/td>\n<\/tr>\n<tr>\n<td bgcolor=\"#e3e4e6\" width=\"180\">\u00a0<strong>Voces<\/strong><\/td>\n<td width=\"404\">Locos, Enajenaci\u00f3n Mental y Condenados<\/td>\n<\/tr>\n<tr>\n<td valign=\"top\" bgcolor=\"#e3e4e6\" width=\"180\">\u00a0<strong>Texto<\/strong><\/td>\n<td valign=\"top\" width=\"404\">Se establece la clasificaci\u00f3n de los locos sujetos a procedimiento criminal o suspensos de condena por causa de enajenaci\u00f3n mental.<\/td>\n<\/tr>\n<tr>\n<td valign=\"top\" bgcolor=\"#e3e4e6\" width=\"180\">\u00a0<strong>Tipo de norma<\/strong><\/td>\n<td valign=\"top\" width=\"404\">Real Decreto<\/td>\n<\/tr>\n<tr>\n<td valign=\"top\" bgcolor=\"#e3e4e6\" width=\"180\">\u00a0<strong>Fecha de disposici\u00f3n<\/strong><\/td>\n<td valign=\"top\" width=\"404\">01-09-1897<\/td>\n<\/tr>\n<tr>\n<td valign=\"top\" bgcolor=\"#e3e4e6\" width=\"180\">\u00a0<strong>Instituci\u00f3n<\/strong><\/td>\n<td valign=\"top\" width=\"404\">Gobierno<\/td>\n<\/tr>\n<tr>\n<td valign=\"top\" bgcolor=\"#e3e4e6\" width=\"180\">\u00a0<strong>Fuente<\/strong><\/td>\n<td valign=\"top\" width=\"414\">Colecci\u00f3n Legislativa de Espa\u00f1a<\/td>\n<\/tr>\n<tr>\n<td valign=\"top\" bgcolor=\"#e3e4e6\" width=\"180\">\u00a0<strong>Documento<\/strong><\/td>\n<td valign=\"top\" width=\"404\">\u00a0<a href=\"https:\/\/drive.google.com\/file\/d\/0B27DzfbcyPNBNlRBWVhDcmRUTXM\/view?usp=sharing\">Enlace<\/a><\/td>\n<\/tr>\n<tr>\n<td valign=\"top\" bgcolor=\"#e3e4e6\" width=\"180\">\u00a0<strong>Debate Parlamentario<\/strong><\/td>\n<td valign=\"top\" width=\"404\">\u00a0Enlace<\/td>\n<\/tr>\n<\/tbody>\n<\/table>","protected":false},"excerpt":{"rendered":"<p>\u00a0Num. identificaci\u00f3n 41-17 \u00a0T\u00edtulo Clasificaci\u00f3n de los sujetos condenados por enajenaci\u00f3n mental \u00a0Materia Legislaci\u00f3n penitenciaria (Id. 41) \u00a0Voces Locos, Enajenaci\u00f3n Mental y Condenados \u00a0Texto Se establece la clasificaci\u00f3n de los locos sujetos a procedimiento criminal o suspensos de condena por causa de enajenaci\u00f3n mental. \u00a0Tipo de norma Real Decreto \u00a0Fecha de disposici\u00f3n 01-09-1897 \u00a0Instituci\u00f3n Gobierno [&hellip;]<\/p>\n","protected":false},"author":1092,"featured_media":0,"comment_status":"closed","ping_status":"closed","sticky":false,"template":"","format":"standard","meta":{"_et_pb_use_builder":"","_et_pb_old_content":"","_et_gb_content_width":"","_links_to":"","_links_to_target":""},"categories":[617],"tags":[623,627,641],"_links":{"self":[{"href":"https:\/\/legishca.umh.es\/en\/wp-json\/wp\/v2\/posts\/5799"}],"collection":[{"href":"https:\/\/legishca.umh.es\/en\/wp-json\/wp\/v2\/posts"}],"about":[{"href":"https:\/\/legishca.umh.es\/en\/wp-json\/wp\/v2\/types\/post"}],"author":[{"embeddable":true,"href":"https:\/\/legishca.umh.es\/en\/wp-json\/wp\/v2\/users\/1092"}],"replies":[{"embeddable":true,"href":"https:\/\/legishca.umh.es\/en\/wp-json\/wp\/v2\/comments?post=5799"}],"version-history":[{"count":0,"href":"https:\/\/legishca.umh.es\/en\/wp-json\/wp\/v2\/posts\/5799\/revisions"}],"wp:attachment":[{"href":"https:\/\/legishca.umh.es\/en\/wp-json\/wp\/v2\/media?parent=5799"}],"wp:term":[{"taxonomy":"category","embeddable":true,"href":"https:\/\/legishca.umh.es\/en\/wp-json\/wp\/v2\/categories?post=5799"},{"taxonomy":"post_tag","embeddable":true,"href":"https:\/\/legishca.umh.es\/en\/wp-json\/wp\/v2\/tags?post=5799"}],"curies":[{"name":"wp","href":"https:\/\/api.w.org\/{rel}","templated":true}]}}