{"id":5762,"date":"1849-07-26T11:16:30","date_gmt":"1849-07-26T11:16:30","guid":{"rendered":"http:\/\/legishca.umh.es\/?p=5762"},"modified":"2018-10-10T08:27:25","modified_gmt":"2018-10-10T08:27:25","slug":"1849-07-26-regimen-general-de-prisiones-carceles-y-casas-de-correccion","status":"publish","type":"post","link":"https:\/\/legishca.umh.es\/en\/1849\/07\/26\/1849-07-26-regimen-general-de-prisiones-carceles-y-casas-de-correccion\/","title":{"rendered":"1849-07-26 R\u00e9gimen general de prisiones, c\u00e1rceles y casas de correcci\u00f3n"},"content":{"rendered":"<table border=\"1\" width=\"690\" cellspacing=\"0\" cellpadding=\"0\" align=\"left\">\n<tbody>\n<tr>\n<td rowspan=\"11\" valign=\"top\" width=\"173\"><a href=\"http:\/\/legishca.umh.es\/files\/2015\/08\/1849-07-26-Ley-estableciendo-un-r\u00e9gimen-general-de-prisiones-c\u00e1rceles-y-casas-de-correcci\u00f3n_P\u00e1gina_1.jpg\"><img loading=\"lazy\" class=\"alignnone size-medium wp-image-5763\" src=\"http:\/\/legishca.umh.es\/files\/2015\/08\/1849-07-26-Ley-estableciendo-un-r\u00e9gimen-general-de-prisiones-c\u00e1rceles-y-casas-de-correcci\u00f3n_P\u00e1gina_1-208x300.jpg\" alt=\"1849-07-26 Ley, estableciendo un r\u00e9gimen general de prisiones, c\u00e1rceles y casas de correcci\u00f3n_P\u00e1gina_1\" width=\"208\" height=\"300\" srcset=\"https:\/\/legishca.umh.es\/files\/2015\/08\/1849-07-26-Ley-estableciendo-un-r\u00e9gimen-general-de-prisiones-c\u00e1rceles-y-casas-de-correcci\u00f3n_P\u00e1gina_1-208x300.jpg 208w, https:\/\/legishca.umh.es\/files\/2015\/08\/1849-07-26-Ley-estableciendo-un-r\u00e9gimen-general-de-prisiones-c\u00e1rceles-y-casas-de-correcci\u00f3n_P\u00e1gina_1-711x1024.jpg 711w, https:\/\/legishca.umh.es\/files\/2015\/08\/1849-07-26-Ley-estableciendo-un-r\u00e9gimen-general-de-prisiones-c\u00e1rceles-y-casas-de-correcci\u00f3n_P\u00e1gina_1.jpg 1600w\" sizes=\"(max-width: 208px) 100vw, 208px\" \/><\/a><\/td>\n<td valign=\"top\" bgcolor=\"#e3e4e6\" width=\"180\">\u00a0<strong>Num. identificaci\u00f3n<\/strong><\/td>\n<td valign=\"top\" width=\"404\">41-7<\/td>\n<\/tr>\n<tr>\n<td valign=\"top\" bgcolor=\"#e3e4e6\" width=\"180\">\u00a0<strong>T\u00edtulo<\/strong><\/td>\n<td valign=\"top\" width=\"404\">R\u00e9gimen general de prisiones, c\u00e1rceles y casas de correcci\u00f3n<\/td>\n<\/tr>\n<tr>\n<td valign=\"top\" bgcolor=\"#e3e4e6\" width=\"180\">\u00a0<strong>Materia<\/strong><\/td>\n<td valign=\"top\" width=\"404\">R\u00e9gimen\u00a0penitenciario\u00a0\u00a0(Id. 41)<\/td>\n<\/tr>\n<tr>\n<td bgcolor=\"#e3e4e6\" width=\"180\">\u00a0<strong>Voces<\/strong><\/td>\n<td width=\"404\">Prisi\u00f3n, C\u00e1rcel y Casas de correcci\u00f3n<\/td>\n<\/tr>\n<tr>\n<td valign=\"top\" bgcolor=\"#e3e4e6\" width=\"180\">\u00a0<strong>Texto<\/strong><\/td>\n<td valign=\"top\" width=\"404\">Se establece un r\u00e9gimen general de prisiones, c\u00e1rceles y casas de correcci\u00f3n.<\/td>\n<\/tr>\n<tr>\n<td valign=\"top\" bgcolor=\"#e3e4e6\" width=\"180\">\u00a0<strong>Tipo de norma<\/strong><\/td>\n<td valign=\"top\" width=\"404\">Ley<\/td>\n<\/tr>\n<tr>\n<td valign=\"top\" bgcolor=\"#e3e4e6\" width=\"180\">\u00a0<strong>Fecha de disposici\u00f3n<\/strong><\/td>\n<td valign=\"top\" width=\"404\">26-07-1849<\/td>\n<\/tr>\n<tr>\n<td valign=\"top\" bgcolor=\"#e3e4e6\" width=\"180\">\u00a0<strong>Instituci\u00f3n<\/strong><\/td>\n<td valign=\"top\" width=\"404\">Cortes<\/td>\n<\/tr>\n<tr>\n<td valign=\"top\" bgcolor=\"#e3e4e6\" width=\"180\">\u00a0<strong>Fuente<\/strong><\/td>\n<td valign=\"top\" width=\"414\">Colecci\u00f3n Legislativa de Espa\u00f1a<\/td>\n<\/tr>\n<tr>\n<td valign=\"top\" bgcolor=\"#e3e4e6\" width=\"180\">\u00a0<strong>Documento<\/strong><\/td>\n<td valign=\"top\" width=\"404\">\u00a0<a href=\"https:\/\/drive.google.com\/file\/d\/0B27DzfbcyPNBdjhjcHlCQVQzSE0\/view?usp=sharing\">Enlace<\/a><\/td>\n<\/tr>\n<tr>\n<td valign=\"top\" bgcolor=\"#e3e4e6\" width=\"180\">\u00a0<strong>Debate Parlamentario<\/strong><\/td>\n<td valign=\"top\" width=\"404\">\u00a0Enlace<\/td>\n<\/tr>\n<\/tbody>\n<\/table>","protected":false},"excerpt":{"rendered":"<p>\u00a0Num. identificaci\u00f3n 41-7 \u00a0T\u00edtulo R\u00e9gimen general de prisiones, c\u00e1rceles y casas de correcci\u00f3n \u00a0Materia R\u00e9gimen\u00a0penitenciario\u00a0\u00a0(Id. 41) \u00a0Voces Prisi\u00f3n, C\u00e1rcel y Casas de correcci\u00f3n \u00a0Texto Se establece un r\u00e9gimen general de prisiones, c\u00e1rceles y casas de correcci\u00f3n. \u00a0Tipo de norma Ley \u00a0Fecha de disposici\u00f3n 26-07-1849 \u00a0Instituci\u00f3n Cortes \u00a0Fuente Colecci\u00f3n Legislativa de Espa\u00f1a \u00a0Documento \u00a0Enlace \u00a0Debate Parlamentario [&hellip;]<\/p>\n","protected":false},"author":1092,"featured_media":0,"comment_status":"closed","ping_status":"closed","sticky":false,"template":"","format":"standard","meta":{"_et_pb_use_builder":"","_et_pb_old_content":"","_et_gb_content_width":"","_links_to":"","_links_to_target":""},"categories":[617],"tags":[626,634,622],"_links":{"self":[{"href":"https:\/\/legishca.umh.es\/en\/wp-json\/wp\/v2\/posts\/5762"}],"collection":[{"href":"https:\/\/legishca.umh.es\/en\/wp-json\/wp\/v2\/posts"}],"about":[{"href":"https:\/\/legishca.umh.es\/en\/wp-json\/wp\/v2\/types\/post"}],"author":[{"embeddable":true,"href":"https:\/\/legishca.umh.es\/en\/wp-json\/wp\/v2\/users\/1092"}],"replies":[{"embeddable":true,"href":"https:\/\/legishca.umh.es\/en\/wp-json\/wp\/v2\/comments?post=5762"}],"version-history":[{"count":0,"href":"https:\/\/legishca.umh.es\/en\/wp-json\/wp\/v2\/posts\/5762\/revisions"}],"wp:attachment":[{"href":"https:\/\/legishca.umh.es\/en\/wp-json\/wp\/v2\/media?parent=5762"}],"wp:term":[{"taxonomy":"category","embeddable":true,"href":"https:\/\/legishca.umh.es\/en\/wp-json\/wp\/v2\/categories?post=5762"},{"taxonomy":"post_tag","embeddable":true,"href":"https:\/\/legishca.umh.es\/en\/wp-json\/wp\/v2\/tags?post=5762"}],"curies":[{"name":"wp","href":"https:\/\/api.w.org\/{rel}","templated":true}]}}