{"id":5715,"date":"1926-03-17T18:00:09","date_gmt":"1926-03-17T18:00:09","guid":{"rendered":"http:\/\/legishca.umh.es\/?p=5715"},"modified":"2018-10-10T08:22:42","modified_gmt":"2018-10-10T08:22:42","slug":"1926-03-17-sanciones-para-quienes-falten-el-respeto-a-la-lengua-y-a-los-emblemas-nacionales","status":"publish","type":"post","link":"https:\/\/legishca.umh.es\/en\/1926\/03\/17\/1926-03-17-sanciones-para-quienes-falten-el-respeto-a-la-lengua-y-a-los-emblemas-nacionales\/","title":{"rendered":"1926-03-17 Sanciones para quienes falten el respeto a la lengua y a los emblemas nacionales"},"content":{"rendered":"<table border=\"1\" width=\"690\" cellspacing=\"0\" cellpadding=\"0\" align=\"left\">\n<tbody>\n<tr>\n<td rowspan=\"11\" valign=\"top\" width=\"173\"><a href=\"http:\/\/legishca.umh.es\/files\/2015\/08\/1926-03-17-Real-Decreto-fijando-sanciones-gubernativas-y-judiciales-que-se-aplicar\u00e1n-a-los-que-faltaren-al-uso-y-respeto-de-la-lengua-espa\u00f1ola-a-la-bandera-es_P\u00e1gina_1.jpg\"><img loading=\"lazy\" class=\"alignnone size-medium wp-image-5716\" src=\"http:\/\/legishca.umh.es\/files\/2015\/08\/1926-03-17-Real-Decreto-fijando-sanciones-gubernativas-y-judiciales-que-se-aplicar\u00e1n-a-los-que-faltaren-al-uso-y-respeto-de-la-lengua-espa\u00f1ola-a-la-bandera-es_P\u00e1gina_1-206x300.jpg\" alt=\"1926-03-17 Real Decreto, fijando sanciones gubernativas y judiciales, que se aplicar\u00e1n a los que faltaren al uso y respeto de la lengua espa\u00f1ola, a la bandera es_P\u00e1gina_1\" width=\"206\" height=\"300\" srcset=\"https:\/\/legishca.umh.es\/files\/2015\/08\/1926-03-17-Real-Decreto-fijando-sanciones-gubernativas-y-judiciales-que-se-aplicar\u00e1n-a-los-que-faltaren-al-uso-y-respeto-de-la-lengua-espa\u00f1ola-a-la-bandera-es_P\u00e1gina_1-206x300.jpg 206w, https:\/\/legishca.umh.es\/files\/2015\/08\/1926-03-17-Real-Decreto-fijando-sanciones-gubernativas-y-judiciales-que-se-aplicar\u00e1n-a-los-que-faltaren-al-uso-y-respeto-de-la-lengua-espa\u00f1ola-a-la-bandera-es_P\u00e1gina_1-704x1024.jpg 704w, https:\/\/legishca.umh.es\/files\/2015\/08\/1926-03-17-Real-Decreto-fijando-sanciones-gubernativas-y-judiciales-que-se-aplicar\u00e1n-a-los-que-faltaren-al-uso-y-respeto-de-la-lengua-espa\u00f1ola-a-la-bandera-es_P\u00e1gina_1.jpg 1568w\" sizes=\"(max-width: 206px) 100vw, 206px\" \/><\/a><\/td>\n<td valign=\"top\" bgcolor=\"#e3e4e6\" width=\"180\">\u00a0<strong>Num. identificaci\u00f3n<\/strong><\/td>\n<td valign=\"top\" width=\"404\">40-10<\/td>\n<\/tr>\n<tr>\n<td valign=\"top\" bgcolor=\"#e3e4e6\" width=\"180\">\u00a0<strong>T\u00edtulo<\/strong><\/td>\n<td valign=\"top\" width=\"404\">Sanciones para quienes falten el respeto a la lengua y a los emblemas nacionales<\/td>\n<\/tr>\n<tr>\n<td valign=\"top\" bgcolor=\"#e3e4e6\" width=\"180\">\u00a0<strong>Materia<\/strong><\/td>\n<td valign=\"top\" width=\"404\">Legislaci\u00f3n\u00a0penal\u00a0(Id. 40)<\/td>\n<\/tr>\n<tr>\n<td bgcolor=\"#e3e4e6\" width=\"180\">\u00a0<strong>Voces<\/strong><\/td>\n<td width=\"404\">Legislaci\u00f3n y \u00a0Sociedad Cooperativa,<\/td>\n<\/tr>\n<tr>\n<td valign=\"top\" bgcolor=\"#e3e4e6\" width=\"180\">\u00a0<strong>Texto<\/strong><\/td>\n<td valign=\"top\" width=\"404\">Se fijan sanciones gubernativas y judiciales, que se aplicar\u00e1n a los que faltasen el respeto de la lengua espa\u00f1ola, la bandera, himno y emblemas nacionales.<\/td>\n<\/tr>\n<tr>\n<td valign=\"top\" bgcolor=\"#e3e4e6\" width=\"180\">\u00a0<strong>Tipo de norma<\/strong><\/td>\n<td valign=\"top\" width=\"404\">Real Decreto<\/td>\n<\/tr>\n<tr>\n<td valign=\"top\" bgcolor=\"#e3e4e6\" width=\"180\">\u00a0<strong>Fecha de disposici\u00f3n<\/strong><\/td>\n<td valign=\"top\" width=\"404\">17-03-1926<\/td>\n<\/tr>\n<tr>\n<td valign=\"top\" bgcolor=\"#e3e4e6\" width=\"180\">\u00a0<strong>Instituci\u00f3n<\/strong><\/td>\n<td valign=\"top\" width=\"404\">Gobierno<\/td>\n<\/tr>\n<tr>\n<td valign=\"top\" bgcolor=\"#e3e4e6\" width=\"180\">\u00a0<strong>Fuente<\/strong><\/td>\n<td valign=\"top\" width=\"414\">Colecci\u00f3n Legislativa de Espa\u00f1a<\/td>\n<\/tr>\n<tr>\n<td valign=\"top\" bgcolor=\"#e3e4e6\" width=\"180\">\u00a0<strong>Documento<\/strong><\/td>\n<td valign=\"top\" width=\"404\">\u00a0<a href=\"https:\/\/drive.google.com\/file\/d\/0B27DzfbcyPNBbnhfeFAwcEpPV00\/view?usp=sharing\">Enlace<\/a><\/td>\n<\/tr>\n<tr>\n<td valign=\"top\" bgcolor=\"#e3e4e6\" width=\"180\">\u00a0<strong>Debate Parlamentario<\/strong><\/td>\n<td valign=\"top\" width=\"404\">\u00a0Enlace<\/td>\n<\/tr>\n<\/tbody>\n<\/table>","protected":false},"excerpt":{"rendered":"<p>\u00a0Num. identificaci\u00f3n 40-10 \u00a0T\u00edtulo Sanciones para quienes falten el respeto a la lengua y a los emblemas nacionales \u00a0Materia Legislaci\u00f3n\u00a0penal\u00a0(Id. 40) \u00a0Voces Legislaci\u00f3n y \u00a0Sociedad Cooperativa, \u00a0Texto Se fijan sanciones gubernativas y judiciales, que se aplicar\u00e1n a los que faltasen el respeto de la lengua espa\u00f1ola, la bandera, himno y emblemas nacionales. \u00a0Tipo de norma [&hellip;]<\/p>\n","protected":false},"author":1092,"featured_media":0,"comment_status":"closed","ping_status":"closed","sticky":false,"template":"","format":"standard","meta":{"_et_pb_use_builder":"","_et_pb_old_content":"","_et_gb_content_width":"","_links_to":"","_links_to_target":""},"categories":[616],"tags":[623,643,627],"_links":{"self":[{"href":"https:\/\/legishca.umh.es\/en\/wp-json\/wp\/v2\/posts\/5715"}],"collection":[{"href":"https:\/\/legishca.umh.es\/en\/wp-json\/wp\/v2\/posts"}],"about":[{"href":"https:\/\/legishca.umh.es\/en\/wp-json\/wp\/v2\/types\/post"}],"author":[{"embeddable":true,"href":"https:\/\/legishca.umh.es\/en\/wp-json\/wp\/v2\/users\/1092"}],"replies":[{"embeddable":true,"href":"https:\/\/legishca.umh.es\/en\/wp-json\/wp\/v2\/comments?post=5715"}],"version-history":[{"count":0,"href":"https:\/\/legishca.umh.es\/en\/wp-json\/wp\/v2\/posts\/5715\/revisions"}],"wp:attachment":[{"href":"https:\/\/legishca.umh.es\/en\/wp-json\/wp\/v2\/media?parent=5715"}],"wp:term":[{"taxonomy":"category","embeddable":true,"href":"https:\/\/legishca.umh.es\/en\/wp-json\/wp\/v2\/categories?post=5715"},{"taxonomy":"post_tag","embeddable":true,"href":"https:\/\/legishca.umh.es\/en\/wp-json\/wp\/v2\/tags?post=5715"}],"curies":[{"name":"wp","href":"https:\/\/api.w.org\/{rel}","templated":true}]}}