{"id":5648,"date":"1928-12-29T11:04:53","date_gmt":"1928-12-29T11:04:53","guid":{"rendered":"http:\/\/legishca.umh.es\/?p=5648"},"modified":"2018-10-10T08:10:25","modified_gmt":"2018-10-10T08:10:25","slug":"1928-12-29-intervencion-del-estado-en-companias-y-empresas-particulares","status":"publish","type":"post","link":"https:\/\/legishca.umh.es\/en\/1928\/12\/29\/1928-12-29-intervencion-del-estado-en-companias-y-empresas-particulares\/","title":{"rendered":"1928-12-29 Intervenci\u00f3n del Estado en Compa\u00f1\u00edas y Empresas particulares"},"content":{"rendered":"<table border=\"1\" width=\"690\" cellspacing=\"0\" cellpadding=\"0\" align=\"left\">\n<tbody>\n<tr>\n<td rowspan=\"11\" valign=\"top\" width=\"173\"><a href=\"http:\/\/legishca.umh.es\/files\/2015\/08\/1928-12-29-Real-Decreto-ley-relativo-a-la-intervenci\u00f3n-del-Estado-en-Compa\u00f1\u00edas-y-Empresas-particulares_P\u00e1gina_1.jpg\"><img loading=\"lazy\" class=\"alignnone size-medium wp-image-5649\" src=\"http:\/\/legishca.umh.es\/files\/2015\/08\/1928-12-29-Real-Decreto-ley-relativo-a-la-intervenci\u00f3n-del-Estado-en-Compa\u00f1\u00edas-y-Empresas-particulares_P\u00e1gina_1-207x300.jpg\" alt=\"1928-12-29 Real Decreto-ley, relativo a la intervenci\u00f3n del Estado en Compa\u00f1\u00edas y Empresas particulares_P\u00e1gina_1\" width=\"207\" height=\"300\" srcset=\"https:\/\/legishca.umh.es\/files\/2015\/08\/1928-12-29-Real-Decreto-ley-relativo-a-la-intervenci\u00f3n-del-Estado-en-Compa\u00f1\u00edas-y-Empresas-particulares_P\u00e1gina_1-207x300.jpg 207w, https:\/\/legishca.umh.es\/files\/2015\/08\/1928-12-29-Real-Decreto-ley-relativo-a-la-intervenci\u00f3n-del-Estado-en-Compa\u00f1\u00edas-y-Empresas-particulares_P\u00e1gina_1-708x1024.jpg 708w, https:\/\/legishca.umh.es\/files\/2015\/08\/1928-12-29-Real-Decreto-ley-relativo-a-la-intervenci\u00f3n-del-Estado-en-Compa\u00f1\u00edas-y-Empresas-particulares_P\u00e1gina_1.jpg 1576w\" sizes=\"(max-width: 207px) 100vw, 207px\" \/><\/a><\/td>\n<td valign=\"top\" bgcolor=\"#e3e4e6\" width=\"180\">\u00a0<strong>Num. identificaci\u00f3n<\/strong><\/td>\n<td valign=\"top\" width=\"404\">39a-10<\/td>\n<\/tr>\n<tr>\n<td valign=\"top\" bgcolor=\"#e3e4e6\" width=\"180\">\u00a0<strong>T\u00edtulo<\/strong><\/td>\n<td valign=\"top\" width=\"404\">Intervenci\u00f3n del Estado en Compa\u00f1\u00edas y\u00a0Empresas particulares<\/td>\n<\/tr>\n<tr>\n<td valign=\"top\" bgcolor=\"#e3e4e6\" width=\"180\">\u00a0<strong>Materia<\/strong><\/td>\n<td valign=\"top\" width=\"404\">Legislaci\u00f3n\u00a0mercantil\u00a0(Id. 39a)<\/td>\n<\/tr>\n<tr>\n<td bgcolor=\"#e3e4e6\" width=\"180\">\u00a0<strong>Voces<\/strong><\/td>\n<td width=\"404\">Intervenci\u00f3n, Estado y Empresas<\/td>\n<\/tr>\n<tr>\n<td valign=\"top\" bgcolor=\"#e3e4e6\" width=\"180\">\u00a0<strong>Texto<\/strong><\/td>\n<td valign=\"top\" width=\"404\">Intervenci\u00f3n del Estado en Compa\u00f1\u00edas y Empresas particulares.<\/td>\n<\/tr>\n<tr>\n<td valign=\"top\" bgcolor=\"#e3e4e6\" width=\"180\">\u00a0<strong>Tipo de norma<\/strong><\/td>\n<td valign=\"top\" width=\"404\">Real Decreto-ley<\/td>\n<\/tr>\n<tr>\n<td valign=\"top\" bgcolor=\"#e3e4e6\" width=\"180\">\u00a0<strong>Fecha de disposici\u00f3n<\/strong><\/td>\n<td valign=\"top\" width=\"404\">29-12-1928<\/td>\n<\/tr>\n<tr>\n<td valign=\"top\" bgcolor=\"#e3e4e6\" width=\"180\">\u00a0<strong>Instituci\u00f3n<\/strong><\/td>\n<td valign=\"top\" width=\"404\">Gobierno<\/td>\n<\/tr>\n<tr>\n<td valign=\"top\" bgcolor=\"#e3e4e6\" width=\"180\">\u00a0<strong>Fuente<\/strong><\/td>\n<td valign=\"top\" width=\"414\">Colecci\u00f3n Legislativa de Espa\u00f1a<\/td>\n<\/tr>\n<tr>\n<td valign=\"top\" bgcolor=\"#e3e4e6\" width=\"180\">\u00a0<strong>Documento<\/strong><\/td>\n<td valign=\"top\" width=\"404\">\u00a0<a href=\"https:\/\/drive.google.com\/file\/d\/0B27DzfbcyPNBc1VVNUY0bnVmS2s\/view?usp=sharing\">Enlace<\/a><\/td>\n<\/tr>\n<tr>\n<td valign=\"top\" bgcolor=\"#e3e4e6\" width=\"180\">\u00a0<strong>Debate Parlamentario<\/strong><\/td>\n<td valign=\"top\" width=\"404\">\u00a0Enlace<\/td>\n<\/tr>\n<\/tbody>\n<\/table>","protected":false},"excerpt":{"rendered":"<p>\u00a0Num. identificaci\u00f3n 39a-10 \u00a0T\u00edtulo Intervenci\u00f3n del Estado en Compa\u00f1\u00edas y\u00a0Empresas particulares \u00a0Materia Legislaci\u00f3n\u00a0mercantil\u00a0(Id. 39a) \u00a0Voces Intervenci\u00f3n, Estado y Empresas \u00a0Texto Intervenci\u00f3n del Estado en Compa\u00f1\u00edas y Empresas particulares. \u00a0Tipo de norma Real Decreto-ley \u00a0Fecha de disposici\u00f3n 29-12-1928 \u00a0Instituci\u00f3n Gobierno \u00a0Fuente Colecci\u00f3n Legislativa de Espa\u00f1a \u00a0Documento \u00a0Enlace \u00a0Debate Parlamentario \u00a0Enlace<\/p>\n","protected":false},"author":1092,"featured_media":0,"comment_status":"closed","ping_status":"closed","sticky":false,"template":"","format":"standard","meta":{"_et_pb_use_builder":"","_et_pb_old_content":"","_et_gb_content_width":"","_links_to":"","_links_to_target":""},"categories":[615,663],"tags":[623,643,627,622],"_links":{"self":[{"href":"https:\/\/legishca.umh.es\/en\/wp-json\/wp\/v2\/posts\/5648"}],"collection":[{"href":"https:\/\/legishca.umh.es\/en\/wp-json\/wp\/v2\/posts"}],"about":[{"href":"https:\/\/legishca.umh.es\/en\/wp-json\/wp\/v2\/types\/post"}],"author":[{"embeddable":true,"href":"https:\/\/legishca.umh.es\/en\/wp-json\/wp\/v2\/users\/1092"}],"replies":[{"embeddable":true,"href":"https:\/\/legishca.umh.es\/en\/wp-json\/wp\/v2\/comments?post=5648"}],"version-history":[{"count":0,"href":"https:\/\/legishca.umh.es\/en\/wp-json\/wp\/v2\/posts\/5648\/revisions"}],"wp:attachment":[{"href":"https:\/\/legishca.umh.es\/en\/wp-json\/wp\/v2\/media?parent=5648"}],"wp:term":[{"taxonomy":"category","embeddable":true,"href":"https:\/\/legishca.umh.es\/en\/wp-json\/wp\/v2\/categories?post=5648"},{"taxonomy":"post_tag","embeddable":true,"href":"https:\/\/legishca.umh.es\/en\/wp-json\/wp\/v2\/tags?post=5648"}],"curies":[{"name":"wp","href":"https:\/\/api.w.org\/{rel}","templated":true}]}}