{"id":5204,"date":"1899-09-27T17:20:28","date_gmt":"1899-09-27T17:20:28","guid":{"rendered":"http:\/\/legishca.umh.es\/?p=5204"},"modified":"2018-10-10T07:42:23","modified_gmt":"2018-10-10T07:42:23","slug":"1899-09-27-reorganizacion-del-registro-general-de-actos-de-ultima-voluntad","status":"publish","type":"post","link":"https:\/\/legishca.umh.es\/en\/1899\/09\/27\/1899-09-27-reorganizacion-del-registro-general-de-actos-de-ultima-voluntad\/","title":{"rendered":"1899-09-27 Reorganizaci\u00f3n del Registro general de actos de \u00faltima voluntad"},"content":{"rendered":"<table border=\"1\" width=\"690\" cellspacing=\"0\" cellpadding=\"0\" align=\"left\">\n<tbody>\n<tr>\n<td rowspan=\"11\" valign=\"top\" width=\"173\"><a href=\"http:\/\/legishca.umh.es\/files\/2015\/08\/1899-09-27-Real-Decreto-reorganizando-el-Registro-general-de-actos-de-\u00faltima-voluntad_P\u00e1gina_1.jpg\"><img loading=\"lazy\" class=\"alignnone size-medium wp-image-5205\" src=\"http:\/\/legishca.umh.es\/files\/2015\/08\/1899-09-27-Real-Decreto-reorganizando-el-Registro-general-de-actos-de-\u00faltima-voluntad_P\u00e1gina_1-208x300.jpg\" alt=\"1899-09-27 Real Decreto, reorganizando el Registro general de actos de \u00faltima voluntad_P\u00e1gina_1\" width=\"208\" height=\"300\" srcset=\"https:\/\/legishca.umh.es\/files\/2015\/08\/1899-09-27-Real-Decreto-reorganizando-el-Registro-general-de-actos-de-\u00faltima-voluntad_P\u00e1gina_1-208x300.jpg 208w, https:\/\/legishca.umh.es\/files\/2015\/08\/1899-09-27-Real-Decreto-reorganizando-el-Registro-general-de-actos-de-\u00faltima-voluntad_P\u00e1gina_1-711x1024.jpg 711w, https:\/\/legishca.umh.es\/files\/2015\/08\/1899-09-27-Real-Decreto-reorganizando-el-Registro-general-de-actos-de-\u00faltima-voluntad_P\u00e1gina_1.jpg 1584w\" sizes=\"(max-width: 208px) 100vw, 208px\" \/><\/a><\/td>\n<td valign=\"top\" bgcolor=\"#e3e4e6\" width=\"180\">\u00a0<strong>Num. identificaci\u00f3n<\/strong><\/td>\n<td valign=\"top\" width=\"404\">35-3<\/td>\n<\/tr>\n<tr>\n<td valign=\"top\" bgcolor=\"#e3e4e6\" width=\"180\">\u00a0<strong>T\u00edtulo<\/strong><\/td>\n<td valign=\"top\" width=\"404\">Reorganizaci\u00f3n del Registro general de actos de \u00faltima voluntad<\/td>\n<\/tr>\n<tr>\n<td valign=\"top\" bgcolor=\"#e3e4e6\" width=\"180\">\u00a0<strong>Materia<\/strong><\/td>\n<td valign=\"top\" width=\"404\">Sucesiones (Id. 35)<\/td>\n<\/tr>\n<tr>\n<td bgcolor=\"#e3e4e6\" width=\"180\">\u00a0<strong>Voces<\/strong><\/td>\n<td width=\"404\">Reorganizaci\u00f3n, \u00daltima Voluntad<\/td>\n<\/tr>\n<tr>\n<td valign=\"top\" bgcolor=\"#e3e4e6\" width=\"180\">\u00a0<strong>Texto<\/strong><\/td>\n<td valign=\"top\" width=\"404\">Se reorganiza el Registro general de actos de \u00faltima voluntad.<\/td>\n<\/tr>\n<tr>\n<td valign=\"top\" bgcolor=\"#e3e4e6\" width=\"180\">\u00a0<strong>Tipo de norma<\/strong><\/td>\n<td valign=\"top\" width=\"404\">Real Decreto<\/td>\n<\/tr>\n<tr>\n<td valign=\"top\" bgcolor=\"#e3e4e6\" width=\"180\">\u00a0<strong>Fecha de disposici\u00f3n<\/strong><\/td>\n<td valign=\"top\" width=\"404\">27-09-1899<\/td>\n<\/tr>\n<tr>\n<td valign=\"top\" bgcolor=\"#e3e4e6\" width=\"180\">\u00a0<strong>Instituci\u00f3n<\/strong><\/td>\n<td valign=\"top\" width=\"404\">Gobierno<\/td>\n<\/tr>\n<tr>\n<td valign=\"top\" bgcolor=\"#e3e4e6\" width=\"180\">\u00a0<strong>Fuente<\/strong><\/td>\n<td valign=\"top\" width=\"414\">Colecci\u00f3n Legislativa de Espa\u00f1a<\/td>\n<\/tr>\n<tr>\n<td valign=\"top\" bgcolor=\"#e3e4e6\" width=\"180\">\u00a0<strong>Documento<\/strong><\/td>\n<td valign=\"top\" width=\"404\">\u00a0<a href=\"https:\/\/drive.google.com\/file\/d\/0B27DzfbcyPNBd3ZsNGt0NU5Eb0E\/view?usp=sharing\">Enlace<\/a><\/td>\n<\/tr>\n<tr>\n<td valign=\"top\" bgcolor=\"#e3e4e6\" width=\"180\">\u00a0<strong>Debate Parlamentario<\/strong><\/td>\n<td valign=\"top\" width=\"404\">\u00a0Enlace<\/td>\n<\/tr>\n<\/tbody>\n<\/table>","protected":false},"excerpt":{"rendered":"<p>\u00a0Num. identificaci\u00f3n 35-3 \u00a0T\u00edtulo Reorganizaci\u00f3n del Registro general de actos de \u00faltima voluntad \u00a0Materia Sucesiones (Id. 35) \u00a0Voces Reorganizaci\u00f3n, \u00daltima Voluntad \u00a0Texto Se reorganiza el Registro general de actos de \u00faltima voluntad. \u00a0Tipo de norma Real Decreto \u00a0Fecha de disposici\u00f3n 27-09-1899 \u00a0Instituci\u00f3n Gobierno \u00a0Fuente Colecci\u00f3n Legislativa de Espa\u00f1a \u00a0Documento \u00a0Enlace \u00a0Debate Parlamentario \u00a0Enlace<\/p>\n","protected":false},"author":1092,"featured_media":0,"comment_status":"closed","ping_status":"closed","sticky":false,"template":"","format":"standard","meta":{"_et_pb_use_builder":"","_et_pb_old_content":"","_et_gb_content_width":"","_links_to":"","_links_to_target":""},"categories":[611],"tags":[623,627,641],"_links":{"self":[{"href":"https:\/\/legishca.umh.es\/en\/wp-json\/wp\/v2\/posts\/5204"}],"collection":[{"href":"https:\/\/legishca.umh.es\/en\/wp-json\/wp\/v2\/posts"}],"about":[{"href":"https:\/\/legishca.umh.es\/en\/wp-json\/wp\/v2\/types\/post"}],"author":[{"embeddable":true,"href":"https:\/\/legishca.umh.es\/en\/wp-json\/wp\/v2\/users\/1092"}],"replies":[{"embeddable":true,"href":"https:\/\/legishca.umh.es\/en\/wp-json\/wp\/v2\/comments?post=5204"}],"version-history":[{"count":0,"href":"https:\/\/legishca.umh.es\/en\/wp-json\/wp\/v2\/posts\/5204\/revisions"}],"wp:attachment":[{"href":"https:\/\/legishca.umh.es\/en\/wp-json\/wp\/v2\/media?parent=5204"}],"wp:term":[{"taxonomy":"category","embeddable":true,"href":"https:\/\/legishca.umh.es\/en\/wp-json\/wp\/v2\/categories?post=5204"},{"taxonomy":"post_tag","embeddable":true,"href":"https:\/\/legishca.umh.es\/en\/wp-json\/wp\/v2\/tags?post=5204"}],"curies":[{"name":"wp","href":"https:\/\/api.w.org\/{rel}","templated":true}]}}