{"id":5191,"date":"1870-06-17T16:48:42","date_gmt":"1870-06-17T16:48:42","guid":{"rendered":"http:\/\/legishca.umh.es\/?p=5191"},"modified":"2018-10-10T07:39:55","modified_gmt":"2018-10-10T07:39:55","slug":"1870-06-17-establecimiento-del-registro-civil","status":"publish","type":"post","link":"https:\/\/legishca.umh.es\/en\/1870\/06\/17\/1870-06-17-establecimiento-del-registro-civil\/","title":{"rendered":"1870-06-17 Establecimiento del Registro Civil"},"content":{"rendered":"<table border=\"1\" width=\"690\" cellspacing=\"0\" cellpadding=\"0\" align=\"left\">\n<tbody>\n<tr>\n<td rowspan=\"11\" valign=\"top\" width=\"173\"><a href=\"http:\/\/legishca.umh.es\/files\/2015\/08\/1870-06-17-Ley-mandando-establecer-desde-luego-con-el-car\u00e1cter-de-provisional-el-Registro-civil-en-la-pen\u00ednsula-\u00e9-islas-adyacentes-conforme-al-adjunto-proyecto-de-ley_P\u00e1gina_01.jpg\"><img loading=\"lazy\" class=\"alignnone size-medium wp-image-5192\" src=\"http:\/\/legishca.umh.es\/files\/2015\/08\/1870-06-17-Ley-mandando-establecer-desde-luego-con-el-car\u00e1cter-de-provisional-el-Registro-civil-en-la-pen\u00ednsula-\u00e9-islas-adyacentes-conforme-al-adjunto-proyecto-de-ley_P\u00e1gina_01-207x300.jpg\" alt=\"1870-06-17 Ley, mandando establecer desde luego, con el car\u00e1cter de provisional, el Registro civil en la pen\u00ednsula \u00e9 islas adyacentes, conforme al adjunto proyecto de ley_P\u00e1gina_01\" width=\"207\" height=\"300\" srcset=\"https:\/\/legishca.umh.es\/files\/2015\/08\/1870-06-17-Ley-mandando-establecer-desde-luego-con-el-car\u00e1cter-de-provisional-el-Registro-civil-en-la-pen\u00ednsula-\u00e9-islas-adyacentes-conforme-al-adjunto-proyecto-de-ley_P\u00e1gina_01-207x300.jpg 207w, https:\/\/legishca.umh.es\/files\/2015\/08\/1870-06-17-Ley-mandando-establecer-desde-luego-con-el-car\u00e1cter-de-provisional-el-Registro-civil-en-la-pen\u00ednsula-\u00e9-islas-adyacentes-conforme-al-adjunto-proyecto-de-ley_P\u00e1gina_01-708x1024.jpg 708w, https:\/\/legishca.umh.es\/files\/2015\/08\/1870-06-17-Ley-mandando-establecer-desde-luego-con-el-car\u00e1cter-de-provisional-el-Registro-civil-en-la-pen\u00ednsula-\u00e9-islas-adyacentes-conforme-al-adjunto-proyecto-de-ley_P\u00e1gina_01.jpg 1576w\" sizes=\"(max-width: 207px) 100vw, 207px\" \/><\/a><\/td>\n<td valign=\"top\" bgcolor=\"#e3e4e6\" width=\"180\">\u00a0<strong>Num. identificaci\u00f3n<\/strong><\/td>\n<td valign=\"top\" width=\"404\">34-13<\/td>\n<\/tr>\n<tr>\n<td valign=\"top\" bgcolor=\"#e3e4e6\" width=\"180\">\u00a0<strong>T\u00edtulo<\/strong><\/td>\n<td valign=\"top\" width=\"404\">Establecimiento del Registro Civil<\/td>\n<\/tr>\n<tr>\n<td valign=\"top\" bgcolor=\"#e3e4e6\" width=\"180\">\u00a0<strong>Materia<\/strong><\/td>\n<td valign=\"top\" width=\"404\">Registro Civil y Matrimonio\u00a0(Id. 34)<\/td>\n<\/tr>\n<tr>\n<td bgcolor=\"#e3e4e6\" width=\"180\">\u00a0<strong>Voces<\/strong><\/td>\n<td width=\"404\">Registro Civil<\/td>\n<\/tr>\n<tr>\n<td valign=\"top\" bgcolor=\"#e3e4e6\" width=\"180\">\u00a0<strong>Texto<\/strong><\/td>\n<td valign=\"top\" width=\"404\">Se establece con car\u00e1cter provisional\u00a0 el Registro Civil en la pen\u00ednsula es islas, conforme al adjunto proyecto de ley<\/td>\n<\/tr>\n<tr>\n<td valign=\"top\" bgcolor=\"#e3e4e6\" width=\"180\">\u00a0<strong>Tipo de norma<\/strong><\/td>\n<td valign=\"top\" width=\"404\">Ley<\/td>\n<\/tr>\n<tr>\n<td valign=\"top\" bgcolor=\"#e3e4e6\" width=\"180\">\u00a0<strong>Fecha de disposici\u00f3n<\/strong><\/td>\n<td valign=\"top\" width=\"404\">17-06-1870<\/td>\n<\/tr>\n<tr>\n<td valign=\"top\" bgcolor=\"#e3e4e6\" width=\"180\">\u00a0<strong>Instituci\u00f3n<\/strong><\/td>\n<td valign=\"top\" width=\"404\">Cortes<\/td>\n<\/tr>\n<tr>\n<td valign=\"top\" bgcolor=\"#e3e4e6\" width=\"180\">\u00a0<strong>Fuente<\/strong><\/td>\n<td valign=\"top\" width=\"414\">Colecci\u00f3n Legislativa de Espa\u00f1a<\/td>\n<\/tr>\n<tr>\n<td valign=\"top\" bgcolor=\"#e3e4e6\" width=\"180\">\u00a0<strong>Documento<\/strong><\/td>\n<td valign=\"top\" width=\"404\">\u00a0<a href=\"https:\/\/drive.google.com\/file\/d\/0B27DzfbcyPNBbjdzeTVoTzNqNFE\/view?usp=sharing\">Enlace<\/a><\/td>\n<\/tr>\n<tr>\n<td valign=\"top\" bgcolor=\"#e3e4e6\" width=\"180\">\u00a0<strong>Debate Parlamentario<\/strong><\/td>\n<td valign=\"top\" width=\"404\">\u00a0Enlace<\/td>\n<\/tr>\n<\/tbody>\n<\/table>","protected":false},"excerpt":{"rendered":"<p>\u00a0Num. identificaci\u00f3n 34-13 \u00a0T\u00edtulo Establecimiento del Registro Civil \u00a0Materia Registro Civil y Matrimonio\u00a0(Id. 34) \u00a0Voces Registro Civil \u00a0Texto Se establece con car\u00e1cter provisional\u00a0 el Registro Civil en la pen\u00ednsula es islas, conforme al adjunto proyecto de ley \u00a0Tipo de norma Ley \u00a0Fecha de disposici\u00f3n 17-06-1870 \u00a0Instituci\u00f3n Cortes \u00a0Fuente Colecci\u00f3n Legislativa de Espa\u00f1a \u00a0Documento \u00a0Enlace \u00a0Debate [&hellip;]<\/p>\n","protected":false},"author":1092,"featured_media":0,"comment_status":"closed","ping_status":"closed","sticky":false,"template":"","format":"standard","meta":{"_et_pb_use_builder":"","_et_pb_old_content":"","_et_gb_content_width":"","_links_to":"","_links_to_target":""},"categories":[610],"tags":[626,637,622],"_links":{"self":[{"href":"https:\/\/legishca.umh.es\/en\/wp-json\/wp\/v2\/posts\/5191"}],"collection":[{"href":"https:\/\/legishca.umh.es\/en\/wp-json\/wp\/v2\/posts"}],"about":[{"href":"https:\/\/legishca.umh.es\/en\/wp-json\/wp\/v2\/types\/post"}],"author":[{"embeddable":true,"href":"https:\/\/legishca.umh.es\/en\/wp-json\/wp\/v2\/users\/1092"}],"replies":[{"embeddable":true,"href":"https:\/\/legishca.umh.es\/en\/wp-json\/wp\/v2\/comments?post=5191"}],"version-history":[{"count":0,"href":"https:\/\/legishca.umh.es\/en\/wp-json\/wp\/v2\/posts\/5191\/revisions"}],"wp:attachment":[{"href":"https:\/\/legishca.umh.es\/en\/wp-json\/wp\/v2\/media?parent=5191"}],"wp:term":[{"taxonomy":"category","embeddable":true,"href":"https:\/\/legishca.umh.es\/en\/wp-json\/wp\/v2\/categories?post=5191"},{"taxonomy":"post_tag","embeddable":true,"href":"https:\/\/legishca.umh.es\/en\/wp-json\/wp\/v2\/tags?post=5191"}],"curies":[{"name":"wp","href":"https:\/\/api.w.org\/{rel}","templated":true}]}}