{"id":4881,"date":"1925-12-07T09:49:43","date_gmt":"1925-12-07T09:49:43","guid":{"rendered":"http:\/\/legishca.umh.es\/?p=4881"},"modified":"2018-10-10T07:28:24","modified_gmt":"2018-10-10T07:28:24","slug":"1925-12-07-aprobacion-del-apendice-del-codigo-civil-correspondiente-al-derecho-foral-de-aragon","status":"publish","type":"post","link":"https:\/\/legishca.umh.es\/en\/1925\/12\/07\/1925-12-07-aprobacion-del-apendice-del-codigo-civil-correspondiente-al-derecho-foral-de-aragon\/","title":{"rendered":"1925-12-07 Aprobaci\u00f3n del Ap\u00e9ndice del C\u00f3digo Civil correspondiente al Derecho foral de Arag\u00f3n"},"content":{"rendered":"<table border=\"1\" width=\"690\" cellspacing=\"0\" cellpadding=\"0\" align=\"left\">\n<tbody>\n<tr>\n<td rowspan=\"11\" valign=\"top\" width=\"173\"><a href=\"http:\/\/legishca.umh.es\/files\/2015\/08\/1925-12-07-Real-Decreto-por-el-que-se-aprueba-el-Apendice-al-C\u00f3digo-Civil-correspondiente-al-Derecho-foral-de-Arag\u00f3n_P\u00e1gina_01.jpg\"><img loading=\"lazy\" class=\"alignnone size-medium wp-image-4882\" src=\"http:\/\/legishca.umh.es\/files\/2015\/08\/1925-12-07-Real-Decreto-por-el-que-se-aprueba-el-Apendice-al-C\u00f3digo-Civil-correspondiente-al-Derecho-foral-de-Arag\u00f3n_P\u00e1gina_01-205x300.jpg\" alt=\"1925-12-07 Real Decreto, por el que se aprueba el Apendice al C\u00f3digo Civil correspondiente al Derecho foral de Arag\u00f3n_P\u00e1gina_01\" width=\"205\" height=\"300\" srcset=\"https:\/\/legishca.umh.es\/files\/2015\/08\/1925-12-07-Real-Decreto-por-el-que-se-aprueba-el-Apendice-al-C\u00f3digo-Civil-correspondiente-al-Derecho-foral-de-Arag\u00f3n_P\u00e1gina_01-205x300.jpg 205w, https:\/\/legishca.umh.es\/files\/2015\/08\/1925-12-07-Real-Decreto-por-el-que-se-aprueba-el-Apendice-al-C\u00f3digo-Civil-correspondiente-al-Derecho-foral-de-Arag\u00f3n_P\u00e1gina_01-701x1024.jpg 701w, https:\/\/legishca.umh.es\/files\/2015\/08\/1925-12-07-Real-Decreto-por-el-que-se-aprueba-el-Apendice-al-C\u00f3digo-Civil-correspondiente-al-Derecho-foral-de-Arag\u00f3n_P\u00e1gina_01.jpg 1568w\" sizes=\"(max-width: 205px) 100vw, 205px\" \/><\/a><\/td>\n<td valign=\"top\" bgcolor=\"#e3e4e6\" width=\"180\">\u00a0<strong>Num. identificaci\u00f3n<\/strong><\/td>\n<td valign=\"top\" width=\"404\">31-7<\/td>\n<\/tr>\n<tr>\n<td valign=\"top\" bgcolor=\"#e3e4e6\" width=\"180\">\u00a0<strong>T\u00edtulo<\/strong><\/td>\n<td valign=\"top\" width=\"404\">Aprobaci\u00f3n del Ap\u00e9ndice del C\u00f3digo Civil correspondiente al Derecho foral de Arag\u00f3n<\/td>\n<\/tr>\n<tr>\n<td valign=\"top\" bgcolor=\"#e3e4e6\" width=\"180\">\u00a0<strong>Materia<\/strong><\/td>\n<td valign=\"top\" width=\"404\">Codificaci\u00f3n Civil\u00a0(Id. 31)<\/td>\n<\/tr>\n<tr>\n<td bgcolor=\"#e3e4e6\" width=\"180\">\u00a0<strong>Voces<\/strong><\/td>\n<td width=\"404\">Aprobaci\u00f3n, C\u00f3digo Civil y Derecho foral de Arag\u00f3n<\/td>\n<\/tr>\n<tr>\n<td valign=\"top\" bgcolor=\"#e3e4e6\" width=\"180\">\u00a0<strong>Texto<\/strong><\/td>\n<td valign=\"top\" width=\"404\">Se aprueba el Ap\u00e9ndice al C\u00f3digo Civil correspondiente al Derecho foral de Arag\u00f3n.<\/td>\n<\/tr>\n<tr>\n<td valign=\"top\" bgcolor=\"#e3e4e6\" width=\"180\">\u00a0<strong>Tipo de norma<\/strong><\/td>\n<td valign=\"top\" width=\"404\">Real Decreto<\/td>\n<\/tr>\n<tr>\n<td valign=\"top\" bgcolor=\"#e3e4e6\" width=\"180\">\u00a0<strong>Fecha de disposici\u00f3n<\/strong><\/td>\n<td valign=\"top\" width=\"404\">07-12-1925<\/td>\n<\/tr>\n<tr>\n<td valign=\"top\" bgcolor=\"#e3e4e6\" width=\"180\">\u00a0<strong>Instituci\u00f3n<\/strong><\/td>\n<td valign=\"top\" width=\"404\">Gobierno<\/td>\n<\/tr>\n<tr>\n<td valign=\"top\" bgcolor=\"#e3e4e6\" width=\"180\">\u00a0<strong>Fuente<\/strong><\/td>\n<td valign=\"top\" width=\"414\">Colecci\u00f3n legislativa de Espa\u00f1a<\/td>\n<\/tr>\n<tr>\n<td valign=\"top\" bgcolor=\"#e3e4e6\" width=\"180\">\u00a0<strong>Documento<\/strong><\/td>\n<td valign=\"top\" width=\"404\">\u00a0<a href=\"https:\/\/drive.google.com\/file\/d\/0B27DzfbcyPNBaExpS1pmdW8wMkE\/view?usp=sharing\">Enlace<\/a><\/td>\n<\/tr>\n<tr>\n<td valign=\"top\" bgcolor=\"#e3e4e6\" width=\"180\">\u00a0<strong>Debate Parlamentario<\/strong><\/td>\n<td valign=\"top\" width=\"404\">\u00a0Enlace<\/td>\n<\/tr>\n<\/tbody>\n<\/table>","protected":false},"excerpt":{"rendered":"<p>\u00a0Num. identificaci\u00f3n 31-7 \u00a0T\u00edtulo Aprobaci\u00f3n del Ap\u00e9ndice del C\u00f3digo Civil correspondiente al Derecho foral de Arag\u00f3n \u00a0Materia Codificaci\u00f3n Civil\u00a0(Id. 31) \u00a0Voces Aprobaci\u00f3n, C\u00f3digo Civil y Derecho foral de Arag\u00f3n \u00a0Texto Se aprueba el Ap\u00e9ndice al C\u00f3digo Civil correspondiente al Derecho foral de Arag\u00f3n. \u00a0Tipo de norma Real Decreto \u00a0Fecha de disposici\u00f3n 07-12-1925 \u00a0Instituci\u00f3n Gobierno \u00a0Fuente [&hellip;]<\/p>\n","protected":false},"author":1092,"featured_media":0,"comment_status":"closed","ping_status":"closed","sticky":false,"template":"","format":"standard","meta":{"_et_pb_use_builder":"","_et_pb_old_content":"","_et_gb_content_width":"","_links_to":"","_links_to_target":""},"categories":[607],"tags":[623,643,627],"_links":{"self":[{"href":"https:\/\/legishca.umh.es\/en\/wp-json\/wp\/v2\/posts\/4881"}],"collection":[{"href":"https:\/\/legishca.umh.es\/en\/wp-json\/wp\/v2\/posts"}],"about":[{"href":"https:\/\/legishca.umh.es\/en\/wp-json\/wp\/v2\/types\/post"}],"author":[{"embeddable":true,"href":"https:\/\/legishca.umh.es\/en\/wp-json\/wp\/v2\/users\/1092"}],"replies":[{"embeddable":true,"href":"https:\/\/legishca.umh.es\/en\/wp-json\/wp\/v2\/comments?post=4881"}],"version-history":[{"count":0,"href":"https:\/\/legishca.umh.es\/en\/wp-json\/wp\/v2\/posts\/4881\/revisions"}],"wp:attachment":[{"href":"https:\/\/legishca.umh.es\/en\/wp-json\/wp\/v2\/media?parent=4881"}],"wp:term":[{"taxonomy":"category","embeddable":true,"href":"https:\/\/legishca.umh.es\/en\/wp-json\/wp\/v2\/categories?post=4881"},{"taxonomy":"post_tag","embeddable":true,"href":"https:\/\/legishca.umh.es\/en\/wp-json\/wp\/v2\/tags?post=4881"}],"curies":[{"name":"wp","href":"https:\/\/api.w.org\/{rel}","templated":true}]}}