{"id":4749,"date":"1868-11-20T18:37:51","date_gmt":"1868-11-20T18:37:51","guid":{"rendered":"http:\/\/legishca.umh.es\/?p=4749"},"modified":"2018-10-09T16:53:05","modified_gmt":"2018-10-09T16:53:05","slug":"1868-11-20-sancion-del-derecho-de-asociacion","status":"publish","type":"post","link":"https:\/\/legishca.umh.es\/en\/1868\/11\/20\/1868-11-20-sancion-del-derecho-de-asociacion\/","title":{"rendered":"1868-11-20 Sanci\u00f3n del derecho de asociaci\u00f3n"},"content":{"rendered":"<table border=\"1\" width=\"690\" cellspacing=\"0\" cellpadding=\"0\" align=\"left\">\n<tbody>\n<tr>\n<td rowspan=\"11\" valign=\"top\" width=\"173\"><a href=\"http:\/\/legishca.umh.es\/files\/2015\/08\/1868-11-20-Decreto-sancionando-el-derecho-de-asociaci\u00f3n_P\u00e1gina_1.jpg\"><img loading=\"lazy\" class=\"alignnone size-medium wp-image-4750\" src=\"http:\/\/legishca.umh.es\/files\/2015\/08\/1868-11-20-Decreto-sancionando-el-derecho-de-asociaci\u00f3n_P\u00e1gina_1-206x300.jpg\" alt=\"1868-11-20 Decreto, sancionando el derecho de asociaci\u00f3n_P\u00e1gina_1\" width=\"206\" height=\"300\" srcset=\"https:\/\/legishca.umh.es\/files\/2015\/08\/1868-11-20-Decreto-sancionando-el-derecho-de-asociaci\u00f3n_P\u00e1gina_1-206x300.jpg 206w, https:\/\/legishca.umh.es\/files\/2015\/08\/1868-11-20-Decreto-sancionando-el-derecho-de-asociaci\u00f3n_P\u00e1gina_1-704x1024.jpg 704w, https:\/\/legishca.umh.es\/files\/2015\/08\/1868-11-20-Decreto-sancionando-el-derecho-de-asociaci\u00f3n_P\u00e1gina_1.jpg 1576w\" sizes=\"(max-width: 206px) 100vw, 206px\" \/><\/a><\/td>\n<td valign=\"top\" bgcolor=\"#e3e4e6\" width=\"180\">\u00a0<strong>Num. identificaci\u00f3n<\/strong><\/td>\n<td valign=\"top\" width=\"404\">29-3<\/td>\n<\/tr>\n<tr>\n<td valign=\"top\" bgcolor=\"#e3e4e6\" width=\"180\">\u00a0<strong>T\u00edtulo<\/strong><\/td>\n<td valign=\"top\" width=\"404\">Sanci\u00f3n del derecho de asociaci\u00f3n<\/td>\n<\/tr>\n<tr>\n<td valign=\"top\" bgcolor=\"#e3e4e6\" width=\"180\">\u00a0<strong>Materia<\/strong><\/td>\n<td valign=\"top\" width=\"404\">Derecho de Asociaci\u00f3n\u00a0(Id. 29)<\/td>\n<\/tr>\n<tr>\n<td bgcolor=\"#e3e4e6\" width=\"180\">\u00a0<strong>Voces<\/strong><\/td>\n<td width=\"404\">Derecho de Asociaci\u00f3n<\/td>\n<\/tr>\n<tr>\n<td valign=\"top\" bgcolor=\"#e3e4e6\" width=\"180\">\u00a0<strong>Texto<\/strong><\/td>\n<td valign=\"top\" width=\"404\">Se sanciona el derecho de asociaci\u00f3n<\/td>\n<\/tr>\n<tr>\n<td valign=\"top\" bgcolor=\"#e3e4e6\" width=\"180\">\u00a0<strong>Tipo de norma<\/strong><\/td>\n<td valign=\"top\" width=\"404\">Real Decreto<\/td>\n<\/tr>\n<tr>\n<td valign=\"top\" bgcolor=\"#e3e4e6\" width=\"180\">\u00a0<strong>Fecha de disposici\u00f3n<\/strong><\/td>\n<td valign=\"top\" width=\"404\">20-11-1868<\/td>\n<\/tr>\n<tr>\n<td valign=\"top\" bgcolor=\"#e3e4e6\" width=\"180\">\u00a0<strong>Instituci\u00f3n<\/strong><\/td>\n<td valign=\"top\" width=\"404\">Gobierno<\/td>\n<\/tr>\n<tr>\n<td valign=\"top\" bgcolor=\"#e3e4e6\" width=\"180\">\u00a0<strong>Fuente<\/strong><\/td>\n<td valign=\"top\" width=\"414\">Colecci\u00f3n Legislativa de Espa\u00f1a<\/td>\n<\/tr>\n<tr>\n<td valign=\"top\" bgcolor=\"#e3e4e6\" width=\"180\">\u00a0<strong>Documento<\/strong><\/td>\n<td valign=\"top\" width=\"404\">\u00a0<a href=\"https:\/\/drive.google.com\/file\/d\/0B27DzfbcyPNBR2RJNzJhMlhUTmc\/view?usp=sharing\">Enlace<\/a><\/td>\n<\/tr>\n<tr>\n<td valign=\"top\" bgcolor=\"#e3e4e6\" width=\"180\">\u00a0<strong>Debate Parlamentario<\/strong><\/td>\n<td valign=\"top\" width=\"404\">\u00a0Enlace<\/td>\n<\/tr>\n<\/tbody>\n<\/table>","protected":false},"excerpt":{"rendered":"<p>\u00a0Num. identificaci\u00f3n 29-3 \u00a0T\u00edtulo Sanci\u00f3n del derecho de asociaci\u00f3n \u00a0Materia Derecho de Asociaci\u00f3n\u00a0(Id. 29) \u00a0Voces Derecho de Asociaci\u00f3n \u00a0Texto Se sanciona el derecho de asociaci\u00f3n \u00a0Tipo de norma Real Decreto \u00a0Fecha de disposici\u00f3n 20-11-1868 \u00a0Instituci\u00f3n Gobierno \u00a0Fuente Colecci\u00f3n Legislativa de Espa\u00f1a \u00a0Documento \u00a0Enlace \u00a0Debate Parlamentario \u00a0Enlace<\/p>\n","protected":false},"author":1092,"featured_media":0,"comment_status":"closed","ping_status":"closed","sticky":false,"template":"","format":"standard","meta":{"_et_pb_use_builder":"","_et_pb_old_content":"","_et_gb_content_width":"","_links_to":"","_links_to_target":""},"categories":[605],"tags":[623,627,637],"_links":{"self":[{"href":"https:\/\/legishca.umh.es\/en\/wp-json\/wp\/v2\/posts\/4749"}],"collection":[{"href":"https:\/\/legishca.umh.es\/en\/wp-json\/wp\/v2\/posts"}],"about":[{"href":"https:\/\/legishca.umh.es\/en\/wp-json\/wp\/v2\/types\/post"}],"author":[{"embeddable":true,"href":"https:\/\/legishca.umh.es\/en\/wp-json\/wp\/v2\/users\/1092"}],"replies":[{"embeddable":true,"href":"https:\/\/legishca.umh.es\/en\/wp-json\/wp\/v2\/comments?post=4749"}],"version-history":[{"count":0,"href":"https:\/\/legishca.umh.es\/en\/wp-json\/wp\/v2\/posts\/4749\/revisions"}],"wp:attachment":[{"href":"https:\/\/legishca.umh.es\/en\/wp-json\/wp\/v2\/media?parent=4749"}],"wp:term":[{"taxonomy":"category","embeddable":true,"href":"https:\/\/legishca.umh.es\/en\/wp-json\/wp\/v2\/categories?post=4749"},{"taxonomy":"post_tag","embeddable":true,"href":"https:\/\/legishca.umh.es\/en\/wp-json\/wp\/v2\/tags?post=4749"}],"curies":[{"name":"wp","href":"https:\/\/api.w.org\/{rel}","templated":true}]}}