{"id":3714,"date":"1877-11-13T16:54:25","date_gmt":"1877-11-13T16:54:25","guid":{"rendered":"http:\/\/legishca.umh.es\/?p=3714"},"modified":"2018-10-09T15:48:51","modified_gmt":"2018-10-09T15:48:51","slug":"1877-11-13-contribuciones-economicas-de-las-provincias-vascongadas","status":"publish","type":"post","link":"https:\/\/legishca.umh.es\/en\/1877\/11\/13\/1877-11-13-contribuciones-economicas-de-las-provincias-vascongadas\/","title":{"rendered":"1877-11-13 Contribuciones Econ\u00f3micas de las Provincias Vascongadas"},"content":{"rendered":"<table border=\"1\" width=\"690\" cellspacing=\"0\" cellpadding=\"0\" align=\"left\">\n<tbody>\n<tr>\n<td rowspan=\"11\" valign=\"top\" width=\"173\">\u00a0<a href=\"http:\/\/legishca.umh.es\/files\/2014\/11\/1877-02-19-contribuci\u00f3n-econ\u00f3mica-de-la-provincia-de-navarra_4-001.jpg\"><img loading=\"lazy\" class=\"alignnone size-medium wp-image-3715\" src=\"http:\/\/legishca.umh.es\/files\/2014\/11\/1877-02-19-contribuci\u00f3n-econ\u00f3mica-de-la-provincia-de-navarra_4-001-205x300.jpg\" alt=\"1877-02-19 contribuci\u00f3n econ\u00f3mica de la provincia de navarra_4-001\" width=\"180\" height=\"300\" \/><\/a><\/td>\n<td valign=\"top\" bgcolor=\"#e3e4e6\" width=\"180\"><strong>Num. identificaci\u00f3n<\/strong><\/td>\n<td valign=\"top\" width=\"404\">\u00a015-17<\/td>\n<\/tr>\n<tr>\n<td valign=\"top\" bgcolor=\"#e3e4e6\" width=\"180\"><strong>T\u00edtulo<\/strong><\/td>\n<td valign=\"top\" width=\"404\">\u00a0Contribuci\u00f3n economica de las Provincias Vascongadas<\/td>\n<\/tr>\n<tr>\n<td valign=\"top\" bgcolor=\"#e3e4e6\" width=\"180\"><strong>Materia<\/strong><\/td>\n<td valign=\"top\" width=\"404\">\u00a0R\u00e9gimen local Foral (Id. 15)<\/td>\n<\/tr>\n<tr>\n<td bgcolor=\"#e3e4e6\" width=\"180\"><strong>Voces<\/strong><\/td>\n<td width=\"404\">\u00a0Provincias Vacongadas, Contribuci\u00f3n , Econ\u00f3mica<\/td>\n<\/tr>\n<tr>\n<td valign=\"top\" bgcolor=\"#e3e4e6\" width=\"180\"><strong>Texto<\/strong><\/td>\n<td valign=\"top\" width=\"404\">\u00a0Se determinan las cantidades y la forma en que han de contribuir las Provincias Vascongadas en el actual a\u00f1o econ\u00f3mico por contribuci\u00f3n de inmuebles, cultivos y ganader\u00eda<\/td>\n<\/tr>\n<tr>\n<td valign=\"top\" bgcolor=\"#e3e4e6\" width=\"180\"><strong>Tipo de norma<\/strong><\/td>\n<td valign=\"top\" width=\"404\">\u00a0Real Decreto<\/td>\n<\/tr>\n<tr>\n<td valign=\"top\" bgcolor=\"#e3e4e6\" width=\"180\"><strong>Fecha de disposici\u00f3n<\/strong><\/td>\n<td valign=\"top\" width=\"404\">\u00a013-11-1877<\/td>\n<\/tr>\n<tr>\n<td valign=\"top\" bgcolor=\"#e3e4e6\" width=\"180\"><strong>Instituci\u00f3n<\/strong><\/td>\n<td valign=\"top\" width=\"404\">\u00a0Gobierno<\/td>\n<\/tr>\n<tr>\n<td valign=\"top\" bgcolor=\"#e3e4e6\" width=\"180\"><strong>Fuente<\/strong><\/td>\n<td valign=\"top\" width=\"414\"><i>\u00a0Gaceta<\/i><\/td>\n<\/tr>\n<tr>\n<td valign=\"top\" bgcolor=\"#e3e4e6\" width=\"180\"><strong>Documento<\/strong><\/td>\n<td valign=\"top\" width=\"404\">\u00a0<a href=\"https:\/\/drive.google.com\/file\/d\/0B27DzfbcyPNBRXpDSXhaLWdNbEE\/view?usp=sharing\">Enlace<\/a><\/td>\n<\/tr>\n<tr>\n<td valign=\"top\" bgcolor=\"#e3e4e6\" width=\"180\"><strong>Debate Parlamentario<\/strong><\/td>\n<td valign=\"top\" width=\"404\"><\/td>\n<\/tr>\n<\/tbody>\n<\/table>","protected":false},"excerpt":{"rendered":"<p>\u00a0 Num. identificaci\u00f3n \u00a015-17 T\u00edtulo \u00a0Contribuci\u00f3n economica de las Provincias Vascongadas Materia \u00a0R\u00e9gimen local Foral (Id. 15) Voces \u00a0Provincias Vacongadas, Contribuci\u00f3n , Econ\u00f3mica Texto \u00a0Se determinan las cantidades y la forma en que han de contribuir las Provincias Vascongadas en el actual a\u00f1o econ\u00f3mico por contribuci\u00f3n de inmuebles, cultivos y ganader\u00eda Tipo de norma \u00a0Real [&hellip;]<\/p>\n","protected":false},"author":614,"featured_media":0,"comment_status":"closed","ping_status":"closed","sticky":false,"template":"","format":"standard","meta":{"_et_pb_use_builder":"","_et_pb_old_content":"","_et_gb_content_width":"","_links_to":"","_links_to_target":""},"categories":[346],"tags":[640,623,627],"_links":{"self":[{"href":"https:\/\/legishca.umh.es\/en\/wp-json\/wp\/v2\/posts\/3714"}],"collection":[{"href":"https:\/\/legishca.umh.es\/en\/wp-json\/wp\/v2\/posts"}],"about":[{"href":"https:\/\/legishca.umh.es\/en\/wp-json\/wp\/v2\/types\/post"}],"author":[{"embeddable":true,"href":"https:\/\/legishca.umh.es\/en\/wp-json\/wp\/v2\/users\/614"}],"replies":[{"embeddable":true,"href":"https:\/\/legishca.umh.es\/en\/wp-json\/wp\/v2\/comments?post=3714"}],"version-history":[{"count":0,"href":"https:\/\/legishca.umh.es\/en\/wp-json\/wp\/v2\/posts\/3714\/revisions"}],"wp:attachment":[{"href":"https:\/\/legishca.umh.es\/en\/wp-json\/wp\/v2\/media?parent=3714"}],"wp:term":[{"taxonomy":"category","embeddable":true,"href":"https:\/\/legishca.umh.es\/en\/wp-json\/wp\/v2\/categories?post=3714"},{"taxonomy":"post_tag","embeddable":true,"href":"https:\/\/legishca.umh.es\/en\/wp-json\/wp\/v2\/tags?post=3714"}],"curies":[{"name":"wp","href":"https:\/\/api.w.org\/{rel}","templated":true}]}}