{"id":3689,"date":"1841-10-29T15:55:20","date_gmt":"1841-10-29T15:55:20","guid":{"rendered":"http:\/\/legishca.umh.es\/?p=3689"},"modified":"2018-10-09T15:42:49","modified_gmt":"2018-10-09T15:42:49","slug":"1841-10-29-administracion-de-las-provincias-vascongadas","status":"publish","type":"post","link":"https:\/\/legishca.umh.es\/en\/1841\/10\/29\/1841-10-29-administracion-de-las-provincias-vascongadas\/","title":{"rendered":"1841-10-29 Administraci\u00f3n de las Provincias Vascongadas"},"content":{"rendered":"<table border=\"1\" width=\"690\" cellspacing=\"0\" cellpadding=\"0\" align=\"left\">\n<tbody>\n<tr>\n<td rowspan=\"11\" valign=\"top\" width=\"173\">\u00a0<a href=\"http:\/\/legishca.umh.es\/files\/2014\/11\/207_1-001.jpg\"><img loading=\"lazy\" class=\"alignnone size-medium wp-image-4187\" src=\"http:\/\/legishca.umh.es\/files\/2014\/11\/207_1-001-212x300.jpg\" alt=\"207_1-001\" width=\"180\" height=\"300\" \/><\/a><\/td>\n<td valign=\"top\" bgcolor=\"#e3e4e6\" width=\"180\"><strong>Num. identificaci\u00f3n<\/strong><\/td>\n<td valign=\"top\" width=\"404\">\u00a015-08<\/td>\n<\/tr>\n<tr>\n<td valign=\"top\" bgcolor=\"#e3e4e6\" width=\"180\"><strong>T\u00edtulo<\/strong><\/td>\n<td valign=\"top\" width=\"404\">\u00a0Administraci\u00f3n Provincias Vascongadas<\/td>\n<\/tr>\n<tr>\n<td valign=\"top\" bgcolor=\"#e3e4e6\" width=\"180\"><strong>Materia<\/strong><\/td>\n<td valign=\"top\" width=\"404\">\u00a0R\u00e9gimen local Foral (Id. 15)<\/td>\n<\/tr>\n<tr>\n<td bgcolor=\"#e3e4e6\" width=\"180\"><strong>Voces<\/strong><\/td>\n<td width=\"404\">\u00a0Provincias, Vascongadas, Administraci\u00f3n<\/td>\n<\/tr>\n<tr>\n<td valign=\"top\" bgcolor=\"#e3e4e6\" width=\"180\"><strong>Texto<\/strong><\/td>\n<td valign=\"top\" width=\"404\">\u00a0Se hacen arreglos para reorganizar la administraci\u00f3n de las provincias Vascongadas<\/td>\n<\/tr>\n<tr>\n<td valign=\"top\" bgcolor=\"#e3e4e6\" width=\"180\"><strong>Tipo de norma<\/strong><\/td>\n<td valign=\"top\" width=\"404\">\u00a0Decreto del Regente<\/td>\n<\/tr>\n<tr>\n<td valign=\"top\" bgcolor=\"#e3e4e6\" width=\"180\"><strong>Fecha de disposici\u00f3n<\/strong><\/td>\n<td valign=\"top\" width=\"404\">\u00a029-10-1841<\/td>\n<\/tr>\n<tr>\n<td valign=\"top\" bgcolor=\"#e3e4e6\" width=\"180\"><strong>Instituci\u00f3n<\/strong><\/td>\n<td valign=\"top\" width=\"404\">\u00a0Gobierno<\/td>\n<\/tr>\n<tr>\n<td valign=\"top\" bgcolor=\"#e3e4e6\" width=\"180\"><strong>Fuente<\/strong><\/td>\n<td valign=\"top\" width=\"414\"><i>\u00a0<i>FERN\u00c1NDEZ, T.R. y SANTAMARIA., J.A., Legislaci\u00f3n Administrativa espa\u00f1ola s.XIX<\/i><\/i><\/td>\n<\/tr>\n<tr>\n<td valign=\"top\" bgcolor=\"#e3e4e6\" width=\"180\"><strong>Documento<\/strong><\/td>\n<td valign=\"top\" width=\"404\">\u00a0<a href=\"https:\/\/drive.google.com\/file\/d\/0B27DzfbcyPNBMUlRWVZMOFZFRFU\/view?usp=sharing\">Enlace<\/a><\/td>\n<\/tr>\n<tr>\n<td valign=\"top\" bgcolor=\"#e3e4e6\" width=\"180\"><strong>Debate Parlamentario<\/strong><\/td>\n<td valign=\"top\" width=\"404\"><\/td>\n<\/tr>\n<\/tbody>\n<\/table>","protected":false},"excerpt":{"rendered":"<p>\u00a0 Num. identificaci\u00f3n \u00a015-08 T\u00edtulo \u00a0Administraci\u00f3n Provincias Vascongadas Materia \u00a0R\u00e9gimen local Foral (Id. 15) Voces \u00a0Provincias, Vascongadas, Administraci\u00f3n Texto \u00a0Se hacen arreglos para reorganizar la administraci\u00f3n de las provincias Vascongadas Tipo de norma \u00a0Decreto del Regente Fecha de disposici\u00f3n \u00a029-10-1841 Instituci\u00f3n \u00a0Gobierno Fuente \u00a0FERN\u00c1NDEZ, T.R. y SANTAMARIA., J.A., Legislaci\u00f3n Administrativa espa\u00f1ola s.XIX Documento \u00a0Enlace Debate [&hellip;]<\/p>\n","protected":false},"author":614,"featured_media":0,"comment_status":"closed","ping_status":"closed","sticky":false,"template":"","format":"standard","meta":{"_et_pb_use_builder":"","_et_pb_old_content":"","_et_gb_content_width":"","_links_to":"","_links_to_target":""},"categories":[346],"tags":[623,627,633],"_links":{"self":[{"href":"https:\/\/legishca.umh.es\/en\/wp-json\/wp\/v2\/posts\/3689"}],"collection":[{"href":"https:\/\/legishca.umh.es\/en\/wp-json\/wp\/v2\/posts"}],"about":[{"href":"https:\/\/legishca.umh.es\/en\/wp-json\/wp\/v2\/types\/post"}],"author":[{"embeddable":true,"href":"https:\/\/legishca.umh.es\/en\/wp-json\/wp\/v2\/users\/614"}],"replies":[{"embeddable":true,"href":"https:\/\/legishca.umh.es\/en\/wp-json\/wp\/v2\/comments?post=3689"}],"version-history":[{"count":0,"href":"https:\/\/legishca.umh.es\/en\/wp-json\/wp\/v2\/posts\/3689\/revisions"}],"wp:attachment":[{"href":"https:\/\/legishca.umh.es\/en\/wp-json\/wp\/v2\/media?parent=3689"}],"wp:term":[{"taxonomy":"category","embeddable":true,"href":"https:\/\/legishca.umh.es\/en\/wp-json\/wp\/v2\/categories?post=3689"},{"taxonomy":"post_tag","embeddable":true,"href":"https:\/\/legishca.umh.es\/en\/wp-json\/wp\/v2\/tags?post=3689"}],"curies":[{"name":"wp","href":"https:\/\/api.w.org\/{rel}","templated":true}]}}