{"id":3498,"date":"1893-08-14T16:09:04","date_gmt":"1893-08-14T16:09:04","guid":{"rendered":"http:\/\/legishca.umh.es\/?p=3498"},"modified":"2018-10-09T15:16:23","modified_gmt":"2018-10-09T15:16:23","slug":"1893-08-14-supresion-de-las-secciones-de-fomento-de-los-gobiernos-de-provincia","status":"publish","type":"post","link":"https:\/\/legishca.umh.es\/en\/1893\/08\/14\/1893-08-14-supresion-de-las-secciones-de-fomento-de-los-gobiernos-de-provincia\/","title":{"rendered":"1893-08-14 Supresi\u00f3n de las secciones de Fomento de los Gobiernos de Provincia"},"content":{"rendered":"<table border=\"1\" width=\"690\" cellspacing=\"0\" cellpadding=\"0\" align=\"left\">\n<tbody>\n<tr>\n<td rowspan=\"11\" valign=\"top\" width=\"173\">\u00a0<a href=\"http:\/\/legishca.umh.es\/files\/2014\/10\/130_1-001.jpg\"><img loading=\"lazy\" class=\"alignnone size-medium wp-image-4110\" src=\"http:\/\/legishca.umh.es\/files\/2014\/10\/130_1-001-212x300.jpg\" alt=\"130_1-001\" width=\"180\" height=\"300\" \/><\/a><\/td>\n<td valign=\"top\" bgcolor=\"#e3e4e6\" width=\"180\">\u00a0<strong>Num. identificaci\u00f3n<\/strong><\/td>\n<td valign=\"top\" width=\"404\">\u00a011-18<\/td>\n<\/tr>\n<tr>\n<td valign=\"top\" bgcolor=\"#e3e4e6\" width=\"180\">\u00a0<strong>T\u00edtulo<\/strong><\/td>\n<td valign=\"top\" width=\"404\">\u00a0Gobiernos de Provincia<\/td>\n<\/tr>\n<tr>\n<td valign=\"top\" bgcolor=\"#e3e4e6\" width=\"180\">\u00a0<strong>Materia<\/strong><\/td>\n<td valign=\"top\" width=\"404\">\u00a0Administraci\u00f3n perif\u00e9rica y Divisi\u00f3n territorial (Id. 11)<\/td>\n<\/tr>\n<tr>\n<td bgcolor=\"#e3e4e6\" width=\"180\">\u00a0<strong>Voces<\/strong><\/td>\n<td width=\"404\">\u00a0Gobiernos, Provincia, Fomento, Supresi\u00f3n<\/td>\n<\/tr>\n<tr>\n<td valign=\"top\" bgcolor=\"#e3e4e6\" width=\"180\">\u00a0<strong>Texto<\/strong><\/td>\n<td valign=\"top\" width=\"404\">Se suprimen de las secciones de Fomento de los Gobiernos de Provincia, cuyos asuntos se despacharan por los Ingenieros Jefes de los ramos respectivos<\/td>\n<\/tr>\n<tr>\n<td valign=\"top\" bgcolor=\"#e3e4e6\" width=\"180\">\u00a0<strong>Tipo de Norma<\/strong><\/td>\n<td valign=\"top\" width=\"404\">\u00a0Real Decreto<\/td>\n<\/tr>\n<tr>\n<td valign=\"top\" bgcolor=\"#e3e4e6\" width=\"180\">\u00a0<strong>Fecha\u00a0<\/strong><\/td>\n<td valign=\"top\" width=\"404\">\u00a014-08-1893<\/td>\n<\/tr>\n<tr>\n<td valign=\"top\" bgcolor=\"#e3e4e6\" width=\"180\">\u00a0<strong>Instituci\u00f3n<\/strong><\/td>\n<td valign=\"top\" width=\"404\">\u00a0Gobierno<\/td>\n<\/tr>\n<tr>\n<td valign=\"top\" bgcolor=\"#e3e4e6\" width=\"180\">\u00a0<strong>Fuente<\/strong><\/td>\n<td valign=\"top\" width=\"414\"><em><i><i>\u00a0<i>FERN\u00c1NDEZ, T.R. y SANTAMARIA., J.A., Legislaci\u00f3n Administrativa espa\u00f1ola s.XIX<\/i><\/i><\/i><\/em><\/td>\n<\/tr>\n<tr>\n<td valign=\"top\" bgcolor=\"#e3e4e6\" width=\"180\">\u00a0<strong>Documento<\/strong><\/td>\n<td valign=\"top\" width=\"404\">\u00a0<a href=\"https:\/\/drive.google.com\/file\/d\/0B27DzfbcyPNBSFlvdHJRd0ZlLUE\/view?usp=sharing\">Enlace<\/a><\/td>\n<\/tr>\n<tr>\n<td valign=\"top\" bgcolor=\"#e3e4e6\" width=\"180\">\u00a0<strong>Debate Parlamentario<\/strong><\/td>\n<td valign=\"top\" width=\"404\">\u00a0Enlace<\/td>\n<\/tr>\n<\/tbody>\n<\/table>","protected":false},"excerpt":{"rendered":"<p>\u00a0 \u00a0Num. identificaci\u00f3n \u00a011-18 \u00a0T\u00edtulo \u00a0Gobiernos de Provincia \u00a0Materia \u00a0Administraci\u00f3n perif\u00e9rica y Divisi\u00f3n territorial (Id. 11) \u00a0Voces \u00a0Gobiernos, Provincia, Fomento, Supresi\u00f3n \u00a0Texto Se suprimen de las secciones de Fomento de los Gobiernos de Provincia, cuyos asuntos se despacharan por los Ingenieros Jefes de los ramos respectivos \u00a0Tipo de Norma \u00a0Real Decreto \u00a0Fecha\u00a0 \u00a014-08-1893 \u00a0Instituci\u00f3n \u00a0Gobierno [&hellip;]<\/p>\n","protected":false},"author":614,"featured_media":0,"comment_status":"closed","ping_status":"open","sticky":false,"template":"","format":"standard","meta":{"_et_pb_use_builder":"","_et_pb_old_content":"","_et_gb_content_width":"","_links_to":"","_links_to_target":""},"categories":[343],"tags":[640,623,627],"_links":{"self":[{"href":"https:\/\/legishca.umh.es\/en\/wp-json\/wp\/v2\/posts\/3498"}],"collection":[{"href":"https:\/\/legishca.umh.es\/en\/wp-json\/wp\/v2\/posts"}],"about":[{"href":"https:\/\/legishca.umh.es\/en\/wp-json\/wp\/v2\/types\/post"}],"author":[{"embeddable":true,"href":"https:\/\/legishca.umh.es\/en\/wp-json\/wp\/v2\/users\/614"}],"replies":[{"embeddable":true,"href":"https:\/\/legishca.umh.es\/en\/wp-json\/wp\/v2\/comments?post=3498"}],"version-history":[{"count":0,"href":"https:\/\/legishca.umh.es\/en\/wp-json\/wp\/v2\/posts\/3498\/revisions"}],"wp:attachment":[{"href":"https:\/\/legishca.umh.es\/en\/wp-json\/wp\/v2\/media?parent=3498"}],"wp:term":[{"taxonomy":"category","embeddable":true,"href":"https:\/\/legishca.umh.es\/en\/wp-json\/wp\/v2\/categories?post=3498"},{"taxonomy":"post_tag","embeddable":true,"href":"https:\/\/legishca.umh.es\/en\/wp-json\/wp\/v2\/tags?post=3498"}],"curies":[{"name":"wp","href":"https:\/\/api.w.org\/{rel}","templated":true}]}}