{"id":3482,"date":"1847-12-01T15:26:38","date_gmt":"1847-12-01T15:26:38","guid":{"rendered":"http:\/\/legishca.umh.es\/?p=3482"},"modified":"2018-10-09T15:09:42","modified_gmt":"2018-10-09T15:09:42","slug":"1847-12-01-designacion-y-atribuciones-de-los-jefes-politicos","status":"publish","type":"post","link":"https:\/\/legishca.umh.es\/en\/1847\/12\/01\/1847-12-01-designacion-y-atribuciones-de-los-jefes-politicos\/","title":{"rendered":"1847-12-01 Designaci\u00f3n y atribuciones de los Jefes Politicos"},"content":{"rendered":"<table border=\"1\" width=\"690\" cellspacing=\"0\" cellpadding=\"0\" align=\"left\">\n<tbody>\n<tr>\n<td rowspan=\"11\" valign=\"top\" width=\"173\">\u00a0<a href=\"http:\/\/legishca.umh.es\/files\/2014\/10\/3_3-001.jpg\"><img loading=\"lazy\" class=\"alignnone size-medium wp-image-3484\" src=\"http:\/\/legishca.umh.es\/files\/2014\/10\/3_3-001-212x300.jpg\" alt=\"3_3-001\" width=\"180\" height=\"300\" \/><\/a><\/td>\n<td valign=\"top\" bgcolor=\"#e3e4e6\" width=\"180\">\u00a0<strong>Num. identificaci\u00f3n<\/strong><\/td>\n<td valign=\"top\" width=\"404\">\u00a011-12<\/td>\n<\/tr>\n<tr>\n<td valign=\"top\" bgcolor=\"#e3e4e6\" width=\"180\">\u00a0<strong>T\u00edtulo<\/strong><\/td>\n<td valign=\"top\" width=\"404\">\u00a0Designaci\u00f3n y atribuciones de los Jefes Politicos<\/td>\n<\/tr>\n<tr>\n<td valign=\"top\" bgcolor=\"#e3e4e6\" width=\"180\">\u00a0<strong>Materia<\/strong><\/td>\n<td valign=\"top\" width=\"404\">\u00a0Administraci\u00f3n perif\u00e9rica y Divisi\u00f3n territorial (Id. 11)<\/td>\n<\/tr>\n<tr>\n<td bgcolor=\"#e3e4e6\" width=\"180\">\u00a0<strong>Voces<\/strong><\/td>\n<td width=\"404\">\u00a0Designaci\u00f3n, Atribuciones, Jefes Politicos<\/td>\n<\/tr>\n<tr>\n<td valign=\"top\" bgcolor=\"#e3e4e6\" width=\"180\">\u00a0<strong>Texto<\/strong><\/td>\n<td valign=\"top\" width=\"404\">Se crean Jefes pol\u00edticos subalternos con la denominaci\u00f3n de Jefes de distrito y se designan sus atribuciones<\/td>\n<\/tr>\n<tr>\n<td valign=\"top\" bgcolor=\"#e3e4e6\" width=\"180\">\u00a0<strong>Tipo de Norma<\/strong><\/td>\n<td valign=\"top\" width=\"404\">\u00a0Real Decreto<\/td>\n<\/tr>\n<tr>\n<td valign=\"top\" bgcolor=\"#e3e4e6\" width=\"180\">\u00a0<strong>Fecha\u00a0<\/strong><\/td>\n<td valign=\"top\" width=\"404\">\u00a001-12-1847<\/td>\n<\/tr>\n<tr>\n<td valign=\"top\" bgcolor=\"#e3e4e6\" width=\"180\">\u00a0<strong>Instituci\u00f3n<\/strong><\/td>\n<td valign=\"top\" width=\"404\">\u00a0Gobierno<\/td>\n<\/tr>\n<tr>\n<td valign=\"top\" bgcolor=\"#e3e4e6\" width=\"180\">\u00a0<strong>Fuente<\/strong><\/td>\n<td valign=\"top\" width=\"414\"><em><i><i>\u00a0Gazeta<\/i><\/i><\/em><\/td>\n<\/tr>\n<tr>\n<td valign=\"top\" bgcolor=\"#e3e4e6\" width=\"180\">\u00a0<strong>Documento<\/strong><\/td>\n<td valign=\"top\" width=\"404\">\u00a0<a href=\"https:\/\/drive.google.com\/file\/d\/0B27DzfbcyPNBYTgweThwSzM0T3M\/view?usp=sharing\">Enlace<\/a><\/td>\n<\/tr>\n<tr>\n<td valign=\"top\" bgcolor=\"#e3e4e6\" width=\"180\">\u00a0<strong>Debate Parlamentario<\/strong><\/td>\n<td valign=\"top\" width=\"404\">\u00a0Enlace<\/td>\n<\/tr>\n<\/tbody>\n<\/table>","protected":false},"excerpt":{"rendered":"<p>\u00a0 \u00a0Num. identificaci\u00f3n \u00a011-12 \u00a0T\u00edtulo \u00a0Designaci\u00f3n y atribuciones de los Jefes Politicos \u00a0Materia \u00a0Administraci\u00f3n perif\u00e9rica y Divisi\u00f3n territorial (Id. 11) \u00a0Voces \u00a0Designaci\u00f3n, Atribuciones, Jefes Politicos \u00a0Texto Se crean Jefes pol\u00edticos subalternos con la denominaci\u00f3n de Jefes de distrito y se designan sus atribuciones \u00a0Tipo de Norma \u00a0Real Decreto \u00a0Fecha\u00a0 \u00a001-12-1847 \u00a0Instituci\u00f3n \u00a0Gobierno \u00a0Fuente \u00a0Gazeta \u00a0Documento [&hellip;]<\/p>\n","protected":false},"author":614,"featured_media":0,"comment_status":"closed","ping_status":"open","sticky":false,"template":"","format":"standard","meta":{"_et_pb_use_builder":"","_et_pb_old_content":"","_et_gb_content_width":"","_links_to":"","_links_to_target":""},"categories":[343],"tags":[634,623,627],"_links":{"self":[{"href":"https:\/\/legishca.umh.es\/en\/wp-json\/wp\/v2\/posts\/3482"}],"collection":[{"href":"https:\/\/legishca.umh.es\/en\/wp-json\/wp\/v2\/posts"}],"about":[{"href":"https:\/\/legishca.umh.es\/en\/wp-json\/wp\/v2\/types\/post"}],"author":[{"embeddable":true,"href":"https:\/\/legishca.umh.es\/en\/wp-json\/wp\/v2\/users\/614"}],"replies":[{"embeddable":true,"href":"https:\/\/legishca.umh.es\/en\/wp-json\/wp\/v2\/comments?post=3482"}],"version-history":[{"count":0,"href":"https:\/\/legishca.umh.es\/en\/wp-json\/wp\/v2\/posts\/3482\/revisions"}],"wp:attachment":[{"href":"https:\/\/legishca.umh.es\/en\/wp-json\/wp\/v2\/media?parent=3482"}],"wp:term":[{"taxonomy":"category","embeddable":true,"href":"https:\/\/legishca.umh.es\/en\/wp-json\/wp\/v2\/categories?post=3482"},{"taxonomy":"post_tag","embeddable":true,"href":"https:\/\/legishca.umh.es\/en\/wp-json\/wp\/v2\/tags?post=3482"}],"curies":[{"name":"wp","href":"https:\/\/api.w.org\/{rel}","templated":true}]}}