{"id":3478,"date":"1847-09-30T15:18:26","date_gmt":"1847-09-30T15:18:26","guid":{"rendered":"http:\/\/legishca.umh.es\/?p=3478"},"modified":"2018-10-09T15:08:28","modified_gmt":"2018-10-09T15:08:28","slug":"1847-09-30-instalacion-de-las-subdelegaciones-civiles","status":"publish","type":"post","link":"https:\/\/legishca.umh.es\/en\/1847\/09\/30\/1847-09-30-instalacion-de-las-subdelegaciones-civiles\/","title":{"rendered":"1847-09-30 Instalaci\u00f3n de las Subdelegaciones Civiles"},"content":{"rendered":"<table border=\"1\" width=\"690\" cellspacing=\"0\" cellpadding=\"0\" align=\"left\">\n<tbody>\n<tr>\n<td rowspan=\"11\" valign=\"top\" width=\"173\">\u00a0<a href=\"http:\/\/legishca.umh.es\/files\/2014\/10\/1847-09-30-designando-los-distritos-para-que-se-lleve-a-efecto-la-instalaci\u00f3n-de-las-subdelegaciones-civiles_1-001.jpg\"><img loading=\"lazy\" class=\"alignnone size-medium wp-image-3479\" src=\"http:\/\/legishca.umh.es\/files\/2014\/10\/1847-09-30-designando-los-distritos-para-que-se-lleve-a-efecto-la-instalaci\u00f3n-de-las-subdelegaciones-civiles_1-001-211x300.jpg\" alt=\"1847-09-30 designando los distritos para que se lleve a efecto la instalaci\u00f3n de las subdelegaciones civiles_1-001\" width=\"180\" height=\"300\" \/><\/a><\/td>\n<td valign=\"top\" bgcolor=\"#e3e4e6\" width=\"180\">\u00a0<strong>Num. identificaci\u00f3n<\/strong><\/td>\n<td valign=\"top\" width=\"404\">\u00a011-11<\/td>\n<\/tr>\n<tr>\n<td valign=\"top\" bgcolor=\"#e3e4e6\" width=\"180\">\u00a0<strong>T\u00edtulo<\/strong><\/td>\n<td valign=\"top\" width=\"404\">\u00a0Subdelegaciones Civiles<\/td>\n<\/tr>\n<tr>\n<td valign=\"top\" bgcolor=\"#e3e4e6\" width=\"180\">\u00a0<strong>Materia<\/strong><\/td>\n<td valign=\"top\" width=\"404\">\u00a0Administraci\u00f3n perif\u00e9rica y Divisi\u00f3n territorial (Id. 11)<\/td>\n<\/tr>\n<tr>\n<td bgcolor=\"#e3e4e6\" width=\"180\">\u00a0<strong>Voces<\/strong><\/td>\n<td width=\"404\">\u00a0Instalaciones, Subdelegaciones, Civiles<\/td>\n<\/tr>\n<tr>\n<td valign=\"top\" bgcolor=\"#e3e4e6\" width=\"180\">\u00a0<strong>Texto<\/strong><\/td>\n<td valign=\"top\" width=\"404\">\u00a0Se designan los distritos en los que ha de llevarse a efecto la instalaci\u00f3n de las Subdelegaciones civiles<\/td>\n<\/tr>\n<tr>\n<td valign=\"top\" bgcolor=\"#e3e4e6\" width=\"180\">\u00a0<strong>Tipo de Norma<\/strong><\/td>\n<td valign=\"top\" width=\"404\">\u00a0Real Decreto<\/td>\n<\/tr>\n<tr>\n<td valign=\"top\" bgcolor=\"#e3e4e6\" width=\"180\">\u00a0<strong>Fecha\u00a0<\/strong><\/td>\n<td valign=\"top\" width=\"404\">\u00a030-09-1847<\/td>\n<\/tr>\n<tr>\n<td valign=\"top\" bgcolor=\"#e3e4e6\" width=\"180\">\u00a0<strong>Instituci\u00f3n<\/strong><\/td>\n<td valign=\"top\" width=\"404\">\u00a0Gobierno<\/td>\n<\/tr>\n<tr>\n<td valign=\"top\" bgcolor=\"#e3e4e6\" width=\"180\">\u00a0<strong>Fuente<\/strong><\/td>\n<td valign=\"top\" width=\"414\"><em><i><i>\u00a0Gazeta<\/i><\/i><\/em><\/td>\n<\/tr>\n<tr>\n<td valign=\"top\" bgcolor=\"#e3e4e6\" width=\"180\">\u00a0<strong>Documento<\/strong><\/td>\n<td valign=\"top\" width=\"404\">\u00a0<a href=\"https:\/\/drive.google.com\/file\/d\/0B27DzfbcyPNBaVlaRWIySzRXN3c\/view?usp=sharing\">Enlace<\/a><\/td>\n<\/tr>\n<tr>\n<td valign=\"top\" bgcolor=\"#e3e4e6\" width=\"180\">\u00a0<strong>Debate Parlamentario<\/strong><\/td>\n<td valign=\"top\" width=\"404\">\u00a0Enlace<\/td>\n<\/tr>\n<\/tbody>\n<\/table>","protected":false},"excerpt":{"rendered":"<p>\u00a0 \u00a0Num. identificaci\u00f3n \u00a011-11 \u00a0T\u00edtulo \u00a0Subdelegaciones Civiles \u00a0Materia \u00a0Administraci\u00f3n perif\u00e9rica y Divisi\u00f3n territorial (Id. 11) \u00a0Voces \u00a0Instalaciones, Subdelegaciones, Civiles \u00a0Texto \u00a0Se designan los distritos en los que ha de llevarse a efecto la instalaci\u00f3n de las Subdelegaciones civiles \u00a0Tipo de Norma \u00a0Real Decreto \u00a0Fecha\u00a0 \u00a030-09-1847 \u00a0Instituci\u00f3n \u00a0Gobierno \u00a0Fuente \u00a0Gazeta \u00a0Documento \u00a0Enlace \u00a0Debate Parlamentario \u00a0Enlace<\/p>\n","protected":false},"author":614,"featured_media":0,"comment_status":"closed","ping_status":"open","sticky":false,"template":"","format":"standard","meta":{"_et_pb_use_builder":"","_et_pb_old_content":"","_et_gb_content_width":"","_links_to":"","_links_to_target":""},"categories":[343],"tags":[634,623,627],"_links":{"self":[{"href":"https:\/\/legishca.umh.es\/en\/wp-json\/wp\/v2\/posts\/3478"}],"collection":[{"href":"https:\/\/legishca.umh.es\/en\/wp-json\/wp\/v2\/posts"}],"about":[{"href":"https:\/\/legishca.umh.es\/en\/wp-json\/wp\/v2\/types\/post"}],"author":[{"embeddable":true,"href":"https:\/\/legishca.umh.es\/en\/wp-json\/wp\/v2\/users\/614"}],"replies":[{"embeddable":true,"href":"https:\/\/legishca.umh.es\/en\/wp-json\/wp\/v2\/comments?post=3478"}],"version-history":[{"count":0,"href":"https:\/\/legishca.umh.es\/en\/wp-json\/wp\/v2\/posts\/3478\/revisions"}],"wp:attachment":[{"href":"https:\/\/legishca.umh.es\/en\/wp-json\/wp\/v2\/media?parent=3478"}],"wp:term":[{"taxonomy":"category","embeddable":true,"href":"https:\/\/legishca.umh.es\/en\/wp-json\/wp\/v2\/categories?post=3478"},{"taxonomy":"post_tag","embeddable":true,"href":"https:\/\/legishca.umh.es\/en\/wp-json\/wp\/v2\/tags?post=3478"}],"curies":[{"name":"wp","href":"https:\/\/api.w.org\/{rel}","templated":true}]}}