{"id":3403,"date":"1900-04-18T00:46:30","date_gmt":"1900-04-18T00:46:30","guid":{"rendered":"http:\/\/legishca.umh.es\/?p=3403"},"modified":"2018-10-09T14:59:47","modified_gmt":"2018-10-09T14:59:47","slug":"1900-04-18-suprimiendo-el-ministerio-de-fomento-y-creando-en-su-lugar-los-de-instruccion-publica-y-obras-publicas","status":"publish","type":"post","link":"https:\/\/legishca.umh.es\/en\/1900\/04\/18\/1900-04-18-suprimiendo-el-ministerio-de-fomento-y-creando-en-su-lugar-los-de-instruccion-publica-y-obras-publicas\/","title":{"rendered":"1900-04-18 Suprimiendo el Ministerio de Fomento y creando en su lugar los de Instrucci\u00f3n p\u00fablica y Obras p\u00fablicas."},"content":{"rendered":"<table border=\"1\" width=\"690\" cellspacing=\"0\" cellpadding=\"0\" align=\"left\">\n<tbody>\n<tr>\n<td rowspan=\"11\" valign=\"top\" width=\"173\">\u00a0<a href=\"http:\/\/legishca.umh.es\/files\/2014\/10\/1900-04-18-suprimiendo-el-ministerio-de-fomento-y-creando-en-su-lugar-los-de-instrucci\u00f3n-p\u00fablica-y-obras-p\u00fablicas-001.jpg\"><img loading=\"lazy\" class=\"alignnone size-medium wp-image-3404\" src=\"http:\/\/legishca.umh.es\/files\/2014\/10\/1900-04-18-suprimiendo-el-ministerio-de-fomento-y-creando-en-su-lugar-los-de-instrucci\u00f3n-p\u00fablica-y-obras-p\u00fablicas-001-211x300.jpg\" alt=\"1900-04-18 suprimiendo el ministerio de fomento y creando en su lugar los de instrucci\u00f3n p\u00fablica y obras p\u00fablicas-001\" width=\"180\" height=\"300\" \/><\/a><\/td>\n<td valign=\"top\" bgcolor=\"#e3e4e6\" width=\"180\">\u00a0<strong>Num. identificaci\u00f3n<\/strong><\/td>\n<td valign=\"top\" width=\"404\">10-12<\/td>\n<\/tr>\n<tr>\n<td valign=\"top\" bgcolor=\"#e3e4e6\" width=\"180\">\u00a0<strong>T\u00edtulo<\/strong><\/td>\n<td valign=\"top\" width=\"404\">Supresi\u00f3n del Ministerio de Fomento<\/td>\n<\/tr>\n<tr>\n<td valign=\"top\" bgcolor=\"#e3e4e6\" width=\"180\">\u00a0<strong>Materia<\/strong><\/td>\n<td valign=\"top\" width=\"404\">Administraci\u00f3n central (Id. 10)<\/td>\n<\/tr>\n<tr>\n<td bgcolor=\"#e3e4e6\" width=\"180\">\u00a0<strong>Voces<\/strong><\/td>\n<td width=\"404\">Ministerio, Fomento, Supresi\u00f3n<\/td>\n<\/tr>\n<tr>\n<td valign=\"top\" bgcolor=\"#e3e4e6\" width=\"180\">\u00a0<strong>Texto<\/strong><\/td>\n<td valign=\"top\" width=\"404\">Se suprime el Ministerio de Fomento creando en su lugar los de Instrucci\u00f3n p\u00fablica y Obras p\u00fablicas.<\/td>\n<\/tr>\n<tr>\n<td valign=\"top\" bgcolor=\"#e3e4e6\" width=\"180\">\u00a0<strong>Tipo de Norma<\/strong><\/td>\n<td valign=\"top\" width=\"404\">Real Decreto<\/td>\n<\/tr>\n<tr>\n<td valign=\"top\" bgcolor=\"#e3e4e6\" width=\"180\">\u00a0<strong>Fecha\u00a0<\/strong><\/td>\n<td valign=\"top\" width=\"404\">18-04-1900<\/td>\n<\/tr>\n<tr>\n<td valign=\"top\" bgcolor=\"#e3e4e6\" width=\"180\">\u00a0<strong>Instituci\u00f3n<\/strong><\/td>\n<td valign=\"top\" width=\"404\">Gobierno<\/td>\n<\/tr>\n<tr>\n<td valign=\"top\" bgcolor=\"#e3e4e6\" width=\"180\">\u00a0<strong>Fuente<\/strong><\/td>\n<td valign=\"top\" width=\"414\"><em><i><i>\u00a0Gazeta<\/i><\/i><\/em><\/td>\n<\/tr>\n<tr>\n<td valign=\"top\" bgcolor=\"#e3e4e6\" width=\"180\">\u00a0<strong>Documento<\/strong><\/td>\n<td valign=\"top\" width=\"404\">\u00a0<a href=\"https:\/\/drive.google.com\/file\/d\/0B27DzfbcyPNBbGFBVlFEWEpDR0U\/view?usp=sharing\">Enlace<\/a><\/td>\n<\/tr>\n<tr>\n<td valign=\"top\" bgcolor=\"#e3e4e6\" width=\"180\">\u00a0<strong>Debate Parlamentario<\/strong><\/td>\n<td valign=\"top\" width=\"404\">\u00a0Enlace<\/td>\n<\/tr>\n<\/tbody>\n<\/table>","protected":false},"excerpt":{"rendered":"<p>\u00a0 \u00a0Num. identificaci\u00f3n 10-12 \u00a0T\u00edtulo Supresi\u00f3n del Ministerio de Fomento \u00a0Materia Administraci\u00f3n central (Id. 10) \u00a0Voces Ministerio, Fomento, Supresi\u00f3n \u00a0Texto Se suprime el Ministerio de Fomento creando en su lugar los de Instrucci\u00f3n p\u00fablica y Obras p\u00fablicas. \u00a0Tipo de Norma Real Decreto \u00a0Fecha\u00a0 18-04-1900 \u00a0Instituci\u00f3n Gobierno \u00a0Fuente \u00a0Gazeta \u00a0Documento \u00a0Enlace \u00a0Debate Parlamentario \u00a0Enlace<\/p>\n","protected":false},"author":614,"featured_media":0,"comment_status":"closed","ping_status":"open","sticky":false,"template":"","format":"standard","meta":{"_et_pb_use_builder":"","_et_pb_old_content":"","_et_gb_content_width":"","_links_to":"","_links_to_target":""},"categories":[342],"tags":[623,627,641],"_links":{"self":[{"href":"https:\/\/legishca.umh.es\/en\/wp-json\/wp\/v2\/posts\/3403"}],"collection":[{"href":"https:\/\/legishca.umh.es\/en\/wp-json\/wp\/v2\/posts"}],"about":[{"href":"https:\/\/legishca.umh.es\/en\/wp-json\/wp\/v2\/types\/post"}],"author":[{"embeddable":true,"href":"https:\/\/legishca.umh.es\/en\/wp-json\/wp\/v2\/users\/614"}],"replies":[{"embeddable":true,"href":"https:\/\/legishca.umh.es\/en\/wp-json\/wp\/v2\/comments?post=3403"}],"version-history":[{"count":0,"href":"https:\/\/legishca.umh.es\/en\/wp-json\/wp\/v2\/posts\/3403\/revisions"}],"wp:attachment":[{"href":"https:\/\/legishca.umh.es\/en\/wp-json\/wp\/v2\/media?parent=3403"}],"wp:term":[{"taxonomy":"category","embeddable":true,"href":"https:\/\/legishca.umh.es\/en\/wp-json\/wp\/v2\/categories?post=3403"},{"taxonomy":"post_tag","embeddable":true,"href":"https:\/\/legishca.umh.es\/en\/wp-json\/wp\/v2\/tags?post=3403"}],"curies":[{"name":"wp","href":"https:\/\/api.w.org\/{rel}","templated":true}]}}