{"id":3199,"date":"1819-12-04T21:18:33","date_gmt":"1819-12-04T21:18:33","guid":{"rendered":"http:\/\/legishca.umh.es\/?p=3199"},"modified":"2018-10-09T11:38:19","modified_gmt":"2018-10-09T11:38:19","slug":"1819-12-04-formacion-de-una-junta-de-competencias","status":"publish","type":"post","link":"https:\/\/legishca.umh.es\/en\/1819\/12\/04\/1819-12-04-formacion-de-una-junta-de-competencias\/","title":{"rendered":"1819-12-04 Formaci\u00f3n de una Junta de competencias"},"content":{"rendered":"<table border=\"1\" width=\"690\" cellspacing=\"0\" cellpadding=\"0\" align=\"left\">\n<tbody>\n<tr>\n<td rowspan=\"11\" valign=\"top\" width=\"173\">\u00a0<a href=\"http:\/\/legishca.umh.es\/files\/2014\/10\/1819-12-04-formaci\u00f3n-de-una-junta-de-competencias_1-001.jpg\"><img loading=\"lazy\" class=\"alignnone size-medium wp-image-3200\" src=\"http:\/\/legishca.umh.es\/files\/2014\/10\/1819-12-04-formaci\u00f3n-de-una-junta-de-competencias_1-001-212x300.jpg\" alt=\"1819-12-04 formaci\u00f3n de una junta de competencias_1-001\" width=\"180\" height=\"300\" \/><\/a><\/td>\n<td valign=\"top\" bgcolor=\"#e3e4e6\" width=\"180\">\u00a0<strong>Num. identificaci\u00f3n<\/strong><\/td>\n<td valign=\"top\" width=\"404\">6c-1<\/td>\n<\/tr>\n<tr>\n<td valign=\"top\" bgcolor=\"#e3e4e6\" width=\"180\">\u00a0<strong>T\u00edtulo<\/strong><\/td>\n<td valign=\"top\" width=\"404\">Formaci\u00f3n de una Junta de competencias<\/td>\n<\/tr>\n<tr>\n<td valign=\"top\" bgcolor=\"#e3e4e6\" width=\"180\">\u00a0<strong>Materia<\/strong><\/td>\n<td valign=\"top\" width=\"404\">Jurisdicci\u00f3n y conflictos (Id. 6c)<\/td>\n<\/tr>\n<tr>\n<td bgcolor=\"#e3e4e6\" width=\"180\">\u00a0<strong>Voces<\/strong><\/td>\n<td width=\"404\">Junta, Competencias, Formaci\u00f3n<\/td>\n<\/tr>\n<tr>\n<td valign=\"top\" bgcolor=\"#e3e4e6\" width=\"180\">\u00a0<strong>Texto<\/strong><\/td>\n<td valign=\"top\" width=\"404\">Se manda formar una Junta de Competencias compuesta por el Presidente del Consejo y dos ministros de cada uno de los Consejos.<\/td>\n<\/tr>\n<tr>\n<td valign=\"top\" bgcolor=\"#e3e4e6\" width=\"180\">\u00a0<strong>Tipo de Norma<\/strong><\/td>\n<td valign=\"top\" width=\"404\">Real Orden<\/td>\n<\/tr>\n<tr>\n<td valign=\"top\" bgcolor=\"#e3e4e6\" width=\"180\">\u00a0<strong>Fecha\u00a0<\/strong><\/td>\n<td valign=\"top\" width=\"404\">04-12-1819<\/td>\n<\/tr>\n<tr>\n<td valign=\"top\" bgcolor=\"#e3e4e6\" width=\"180\">\u00a0<strong>Instituci\u00f3n<\/strong><\/td>\n<td valign=\"top\" width=\"404\">Gobierno<\/td>\n<\/tr>\n<tr>\n<td valign=\"top\" bgcolor=\"#e3e4e6\" width=\"180\">\u00a0<strong>Fuente<\/strong><\/td>\n<td valign=\"top\" width=\"414\"><em><i><i><i>FERN\u00c1NDEZ, T.R. y SANTAMARIA., J.A., Legislaci\u00f3n Administrativa espa\u00f1ola s.XIX<\/i><\/i><\/i><\/em><\/td>\n<\/tr>\n<tr>\n<td valign=\"top\" bgcolor=\"#e3e4e6\" width=\"180\">\u00a0<strong>Documento<\/strong><\/td>\n<td valign=\"top\" width=\"404\">\u00a0<a href=\"https:\/\/drive.google.com\/file\/d\/0B27DzfbcyPNBeHJlRTZ5ZnQ4NWM\/view?usp=sharing\">Enlace<\/a><\/td>\n<\/tr>\n<tr>\n<td valign=\"top\" bgcolor=\"#e3e4e6\" width=\"180\">\u00a0<strong>Debate Parlamentario<\/strong><\/td>\n<td valign=\"top\" width=\"404\">\u00a0Enlace<\/td>\n<\/tr>\n<\/tbody>\n<\/table>","protected":false},"excerpt":{"rendered":"<p>\u00a0 \u00a0Num. identificaci\u00f3n 6c-1 \u00a0T\u00edtulo Formaci\u00f3n de una Junta de competencias \u00a0Materia Jurisdicci\u00f3n y conflictos (Id. 6c) \u00a0Voces Junta, Competencias, Formaci\u00f3n \u00a0Texto Se manda formar una Junta de Competencias compuesta por el Presidente del Consejo y dos ministros de cada uno de los Consejos. \u00a0Tipo de Norma Real Orden \u00a0Fecha\u00a0 04-12-1819 \u00a0Instituci\u00f3n Gobierno \u00a0Fuente FERN\u00c1NDEZ, [&hellip;]<\/p>\n","protected":false},"author":614,"featured_media":0,"comment_status":"closed","ping_status":"open","sticky":false,"template":"","format":"standard","meta":{"_et_pb_use_builder":"","_et_pb_old_content":"","_et_gb_content_width":"","_links_to":"","_links_to_target":""},"categories":[671,338],"tags":[627,649,629],"_links":{"self":[{"href":"https:\/\/legishca.umh.es\/en\/wp-json\/wp\/v2\/posts\/3199"}],"collection":[{"href":"https:\/\/legishca.umh.es\/en\/wp-json\/wp\/v2\/posts"}],"about":[{"href":"https:\/\/legishca.umh.es\/en\/wp-json\/wp\/v2\/types\/post"}],"author":[{"embeddable":true,"href":"https:\/\/legishca.umh.es\/en\/wp-json\/wp\/v2\/users\/614"}],"replies":[{"embeddable":true,"href":"https:\/\/legishca.umh.es\/en\/wp-json\/wp\/v2\/comments?post=3199"}],"version-history":[{"count":0,"href":"https:\/\/legishca.umh.es\/en\/wp-json\/wp\/v2\/posts\/3199\/revisions"}],"wp:attachment":[{"href":"https:\/\/legishca.umh.es\/en\/wp-json\/wp\/v2\/media?parent=3199"}],"wp:term":[{"taxonomy":"category","embeddable":true,"href":"https:\/\/legishca.umh.es\/en\/wp-json\/wp\/v2\/categories?post=3199"},{"taxonomy":"post_tag","embeddable":true,"href":"https:\/\/legishca.umh.es\/en\/wp-json\/wp\/v2\/tags?post=3199"}],"curies":[{"name":"wp","href":"https:\/\/api.w.org\/{rel}","templated":true}]}}