{"id":3129,"date":"1868-10-13T08:04:16","date_gmt":"1868-10-13T08:04:16","guid":{"rendered":"http:\/\/legishca.umh.es\/?p=3129"},"modified":"2018-10-09T11:30:19","modified_gmt":"2018-10-09T11:30:19","slug":"1868-10-13-supresion-de-la-jurisdiccion-contencioso-administrativa-del-consejo-de-estado-y-los-consejos-provinciales","status":"publish","type":"post","link":"https:\/\/legishca.umh.es\/en\/1868\/10\/13\/1868-10-13-supresion-de-la-jurisdiccion-contencioso-administrativa-del-consejo-de-estado-y-los-consejos-provinciales\/","title":{"rendered":"1868-10-13 Supresi\u00f3n de la jurisdicci\u00f3n contencioso administrativa del Consejo de Estado y los Consejos Provinciales"},"content":{"rendered":"<table border=\"1\" width=\"690\" cellspacing=\"0\" cellpadding=\"0\" align=\"left\">\n<tbody>\n<tr>\n<td rowspan=\"11\" valign=\"top\" width=\"173\">\u00a0<a href=\"http:\/\/legishca.umh.es\/files\/2014\/10\/1868-10-13.jpg\"><img loading=\"lazy\" class=\"alignnone size-medium wp-image-3130\" src=\"http:\/\/legishca.umh.es\/files\/2014\/10\/1868-10-13-212x300.jpg\" alt=\"1868-10-13\" width=\"180\" height=\"300\" \/><\/a><\/td>\n<td valign=\"top\" bgcolor=\"#e3e4e6\" width=\"180\">\u00a0<strong>Num. identificaci\u00f3n<\/strong><\/td>\n<td valign=\"top\" width=\"404\">6b-14<\/td>\n<\/tr>\n<tr>\n<td valign=\"top\" bgcolor=\"#e3e4e6\" width=\"180\">\u00a0<strong>T\u00edtulo<\/strong><\/td>\n<td valign=\"top\" width=\"404\">Supresi\u00f3n de la jurisdicci\u00f3n contencioso administrativa<\/td>\n<\/tr>\n<tr>\n<td valign=\"top\" bgcolor=\"#e3e4e6\" width=\"180\">\u00a0<strong>Materia<\/strong><\/td>\n<td valign=\"top\" width=\"404\">Jurisdicci\u00f3n y conflictos (Id. 6b)<\/td>\n<\/tr>\n<tr>\n<td bgcolor=\"#e3e4e6\" width=\"180\">\u00a0<strong>Voces<\/strong><\/td>\n<td width=\"404\">Jurisdicci\u00f3n, Contenciosa, Supresi\u00f3n<\/td>\n<\/tr>\n<tr>\n<td valign=\"top\" bgcolor=\"#e3e4e6\" width=\"180\">\u00a0<strong>Texto<\/strong><\/td>\n<td valign=\"top\" width=\"404\">Se suprime la jurisdicci\u00f3n contencioso-administrativa que ejerc\u00edan el Consejo de Estado y los Consejos provinciales.<\/td>\n<\/tr>\n<tr>\n<td valign=\"top\" bgcolor=\"#e3e4e6\" width=\"180\">\u00a0<strong>Tipo de Norma<\/strong><\/td>\n<td valign=\"top\" width=\"404\">Real Decreto<\/td>\n<\/tr>\n<tr>\n<td valign=\"top\" bgcolor=\"#e3e4e6\" width=\"180\">\u00a0<strong>Fecha\u00a0<\/strong><\/td>\n<td valign=\"top\" width=\"404\">13-10-1868<\/td>\n<\/tr>\n<tr>\n<td valign=\"top\" bgcolor=\"#e3e4e6\" width=\"180\">\u00a0<strong>Instituci\u00f3n<\/strong><\/td>\n<td valign=\"top\" width=\"404\">Gobierno<\/td>\n<\/tr>\n<tr>\n<td valign=\"top\" bgcolor=\"#e3e4e6\" width=\"180\">\u00a0<strong>Fuente<\/strong><\/td>\n<td valign=\"top\" width=\"414\"><em><i>Gazeta<\/i><\/em><\/td>\n<\/tr>\n<tr>\n<td valign=\"top\" bgcolor=\"#e3e4e6\" width=\"180\">\u00a0<strong>Documento<\/strong><\/td>\n<td valign=\"top\" width=\"404\">\u00a0<a href=\"https:\/\/drive.google.com\/file\/d\/0B27DzfbcyPNBM2dOYW1ndGhxNnc\/view?usp=sharing\">Enlace<\/a><\/td>\n<\/tr>\n<tr>\n<td valign=\"top\" bgcolor=\"#e3e4e6\" width=\"180\">\u00a0<strong>Debate Parlamentario<\/strong><\/td>\n<td valign=\"top\" width=\"404\">\u00a0Enlace<\/td>\n<\/tr>\n<\/tbody>\n<\/table>","protected":false},"excerpt":{"rendered":"<p>\u00a0 \u00a0Num. identificaci\u00f3n 6b-14 \u00a0T\u00edtulo Supresi\u00f3n de la jurisdicci\u00f3n contencioso administrativa \u00a0Materia Jurisdicci\u00f3n y conflictos (Id. 6b) \u00a0Voces Jurisdicci\u00f3n, Contenciosa, Supresi\u00f3n \u00a0Texto Se suprime la jurisdicci\u00f3n contencioso-administrativa que ejerc\u00edan el Consejo de Estado y los Consejos provinciales. \u00a0Tipo de Norma Real Decreto \u00a0Fecha\u00a0 13-10-1868 \u00a0Instituci\u00f3n Gobierno \u00a0Fuente Gazeta \u00a0Documento \u00a0Enlace \u00a0Debate Parlamentario \u00a0Enlace<\/p>\n","protected":false},"author":614,"featured_media":0,"comment_status":"closed","ping_status":"open","sticky":false,"template":"","format":"standard","meta":{"_et_pb_use_builder":"","_et_pb_old_content":"","_et_gb_content_width":"","_links_to":"","_links_to_target":""},"categories":[670,338],"tags":[623,627,637],"_links":{"self":[{"href":"https:\/\/legishca.umh.es\/en\/wp-json\/wp\/v2\/posts\/3129"}],"collection":[{"href":"https:\/\/legishca.umh.es\/en\/wp-json\/wp\/v2\/posts"}],"about":[{"href":"https:\/\/legishca.umh.es\/en\/wp-json\/wp\/v2\/types\/post"}],"author":[{"embeddable":true,"href":"https:\/\/legishca.umh.es\/en\/wp-json\/wp\/v2\/users\/614"}],"replies":[{"embeddable":true,"href":"https:\/\/legishca.umh.es\/en\/wp-json\/wp\/v2\/comments?post=3129"}],"version-history":[{"count":0,"href":"https:\/\/legishca.umh.es\/en\/wp-json\/wp\/v2\/posts\/3129\/revisions"}],"wp:attachment":[{"href":"https:\/\/legishca.umh.es\/en\/wp-json\/wp\/v2\/media?parent=3129"}],"wp:term":[{"taxonomy":"category","embeddable":true,"href":"https:\/\/legishca.umh.es\/en\/wp-json\/wp\/v2\/categories?post=3129"},{"taxonomy":"post_tag","embeddable":true,"href":"https:\/\/legishca.umh.es\/en\/wp-json\/wp\/v2\/tags?post=3129"}],"curies":[{"name":"wp","href":"https:\/\/api.w.org\/{rel}","templated":true}]}}