{"id":2988,"date":"1847-07-09T11:24:21","date_gmt":"1847-07-09T11:24:21","guid":{"rendered":"http:\/\/legishca.umh.es\/?p=2988"},"modified":"2018-10-08T13:30:16","modified_gmt":"2018-10-08T13:30:16","slug":"1847-07-09-r-o-inadmision-de-demandas-judiciales-por-los-tribunales-sin-recurrir-previamente-a-la-via-gubernativa","status":"publish","type":"post","link":"https:\/\/legishca.umh.es\/en\/1847\/07\/09\/1847-07-09-r-o-inadmision-de-demandas-judiciales-por-los-tribunales-sin-recurrir-previamente-a-la-via-gubernativa\/","title":{"rendered":"1847-07-09 Inadmisi\u00f3n de demandas judiciales por los tribunales sin recurrir previamente a la via gubernativa"},"content":{"rendered":"<table border=\"1\" width=\"690\" cellspacing=\"0\" cellpadding=\"0\" align=\"left\">\n<tbody>\n<tr>\n<td rowspan=\"11\" valign=\"top\" width=\"173\">\u00a0<a href=\"http:\/\/legishca.umh.es\/files\/2014\/10\/1847-07-09-r.o_1-001.jpg\"><img loading=\"lazy\" class=\"alignnone size-medium wp-image-2989\" src=\"http:\/\/legishca.umh.es\/files\/2014\/10\/1847-07-09-r.o_1-001-212x300.jpg\" alt=\"1847-07-09 r.o_1-001\" width=\"180\" height=\"300\" \/><\/a><\/td>\n<td valign=\"top\" bgcolor=\"#e3e4e6\" width=\"180\">\u00a0<strong>Num. identificaci\u00f3n<\/strong><\/td>\n<td valign=\"top\" width=\"404\">6a-6<\/td>\n<\/tr>\n<tr>\n<td valign=\"top\" bgcolor=\"#e3e4e6\" width=\"180\">\u00a0<strong>T\u00edtulo<\/strong><\/td>\n<td valign=\"top\" width=\"404\">Inadmisi\u00f3n de demandas judiciales<\/td>\n<\/tr>\n<tr>\n<td valign=\"top\" bgcolor=\"#e3e4e6\" width=\"180\">\u00a0<strong>Materia<\/strong><\/td>\n<td valign=\"top\" width=\"404\">Jurisdicci\u00f3n y conflictos (Id. 6a)<\/td>\n<\/tr>\n<tr>\n<td bgcolor=\"#e3e4e6\" width=\"180\">\u00a0<strong>Voces<\/strong><\/td>\n<td width=\"404\">Demandas judiciales, Inadmisi\u00f3n<\/td>\n<\/tr>\n<tr>\n<td valign=\"top\" bgcolor=\"#e3e4e6\" width=\"180\">\u00a0<strong>Texto<\/strong><\/td>\n<td valign=\"top\" width=\"404\">Se resuelve que no se admitan por ningun tribunal demandas judiciales contra el Estado, sin que previamente se haga constar que se ha obtenido resoluci\u00f3n por la v\u00eda gubernativa<\/td>\n<\/tr>\n<tr>\n<td valign=\"top\" bgcolor=\"#e3e4e6\" width=\"180\">\u00a0<strong>Tipo de Norma<\/strong><\/td>\n<td valign=\"top\" width=\"404\">Real Orden<\/td>\n<\/tr>\n<tr>\n<td valign=\"top\" bgcolor=\"#e3e4e6\" width=\"180\">\u00a0<strong>Fecha\u00a0<\/strong><\/td>\n<td valign=\"top\" width=\"404\">09-06-1847<\/td>\n<\/tr>\n<tr>\n<td valign=\"top\" bgcolor=\"#e3e4e6\" width=\"180\">\u00a0<strong>Instituci\u00f3n<\/strong><\/td>\n<td valign=\"top\" width=\"404\">Gobierno<\/td>\n<\/tr>\n<tr>\n<td valign=\"top\" bgcolor=\"#e3e4e6\" width=\"180\">\u00a0<strong>Fuente<\/strong><\/td>\n<td valign=\"top\" width=\"414\"><i>FERN\u00c1NDEZ, T.R. y SANTAMARIA., J.A., Legislaci\u00f3n Administrativa espa\u00f1ola s.XIX<\/i><\/td>\n<\/tr>\n<tr>\n<td valign=\"top\" bgcolor=\"#e3e4e6\" width=\"180\">\u00a0<strong>Documento<\/strong><\/td>\n<td valign=\"top\" width=\"404\">\u00a0<a href=\"https:\/\/drive.google.com\/file\/d\/0B27DzfbcyPNBdS1JM2lZVEs1a2M\/view?usp=sharing\">Enlace<\/a><\/td>\n<\/tr>\n<tr>\n<td valign=\"top\" bgcolor=\"#e3e4e6\" width=\"180\">\u00a0<strong>Debate Parlamentario<\/strong><\/td>\n<td valign=\"top\" width=\"404\">\u00a0Enlace<\/td>\n<\/tr>\n<\/tbody>\n<\/table>","protected":false},"excerpt":{"rendered":"<p>\u00a0 \u00a0Num. identificaci\u00f3n 6a-6 \u00a0T\u00edtulo Inadmisi\u00f3n de demandas judiciales \u00a0Materia Jurisdicci\u00f3n y conflictos (Id. 6a) \u00a0Voces Demandas judiciales, Inadmisi\u00f3n \u00a0Texto Se resuelve que no se admitan por ningun tribunal demandas judiciales contra el Estado, sin que previamente se haga constar que se ha obtenido resoluci\u00f3n por la v\u00eda gubernativa \u00a0Tipo de Norma Real Orden \u00a0Fecha\u00a0 [&hellip;]<\/p>\n","protected":false},"author":614,"featured_media":0,"comment_status":"closed","ping_status":"open","sticky":false,"template":"","format":"standard","meta":{"_et_pb_use_builder":"","_et_pb_old_content":"","_et_gb_content_width":"","_links_to":"","_links_to_target":""},"categories":[669,338],"tags":[634,627,649],"_links":{"self":[{"href":"https:\/\/legishca.umh.es\/en\/wp-json\/wp\/v2\/posts\/2988"}],"collection":[{"href":"https:\/\/legishca.umh.es\/en\/wp-json\/wp\/v2\/posts"}],"about":[{"href":"https:\/\/legishca.umh.es\/en\/wp-json\/wp\/v2\/types\/post"}],"author":[{"embeddable":true,"href":"https:\/\/legishca.umh.es\/en\/wp-json\/wp\/v2\/users\/614"}],"replies":[{"embeddable":true,"href":"https:\/\/legishca.umh.es\/en\/wp-json\/wp\/v2\/comments?post=2988"}],"version-history":[{"count":0,"href":"https:\/\/legishca.umh.es\/en\/wp-json\/wp\/v2\/posts\/2988\/revisions"}],"wp:attachment":[{"href":"https:\/\/legishca.umh.es\/en\/wp-json\/wp\/v2\/media?parent=2988"}],"wp:term":[{"taxonomy":"category","embeddable":true,"href":"https:\/\/legishca.umh.es\/en\/wp-json\/wp\/v2\/categories?post=2988"},{"taxonomy":"post_tag","embeddable":true,"href":"https:\/\/legishca.umh.es\/en\/wp-json\/wp\/v2\/tags?post=2988"}],"curies":[{"name":"wp","href":"https:\/\/api.w.org\/{rel}","templated":true}]}}