{"id":2012,"date":"1852-01-09T14:57:16","date_gmt":"1852-01-09T14:57:16","guid":{"rendered":"http:\/\/legishca.umh.es\/?p=2012"},"modified":"2018-12-05T08:46:34","modified_gmt":"2018-12-05T08:46:34","slug":"1852-01-09-nombramientos-de-jueces-sustitutos","status":"publish","type":"post","link":"https:\/\/legishca.umh.es\/en\/1852\/01\/09\/1852-01-09-nombramientos-de-jueces-sustitutos\/","title":{"rendered":"1852-01-09 Nombramientos de Jueces sustitutos"},"content":{"rendered":"<table width=\"690\" border=\"1\" cellspacing=\"0\" cellpadding=\"0\" align=\"left\">\n<tbody>\n<tr>\n<td rowspan=\"11\" valign=\"top\" width=\"173\">\u00a0<a href=\"http:\/\/legishca.umh.es\/files\/2014\/08\/1852-01-09-real-decreto-sobre-nombramientos-de-jueces-sustitutos_1-001.jpg\"><img loading=\"lazy\" class=\"alignnone size-medium wp-image-2017\" alt=\"1852-01-09 real decreto sobre nombramientos de jueces sustitutos_1-001\" src=\"http:\/\/legishca.umh.es\/files\/2014\/08\/1852-01-09-real-decreto-sobre-nombramientos-de-jueces-sustitutos_1-001-211x300.jpg\" width=\"180\" height=\"300\" \/><\/a><\/td>\n<td valign=\"top\" bgcolor=\"#e3e4e6\" width=\"180\">\u00a0<strong>Num. identificaci\u00f3n<\/strong><\/td>\n<td valign=\"top\" width=\"404\">5-113<\/td>\n<\/tr>\n<tr>\n<td valign=\"top\" bgcolor=\"#e3e4e6\" width=\"180\">\u00a0<strong>T\u00edtulo<\/strong><\/td>\n<td valign=\"top\" width=\"404\">Jueces sustitutos<\/td>\n<\/tr>\n<tr>\n<td valign=\"top\" bgcolor=\"#e3e4e6\" width=\"180\">\u00a0<strong>Materia<\/strong><\/td>\n<td valign=\"top\" width=\"404\">Administraci\u00f3n de Justicia<\/td>\n<\/tr>\n<tr>\n<td bgcolor=\"#e3e4e6\" width=\"180\">\u00a0<strong>Voces<\/strong><\/td>\n<td width=\"404\">Nombramientos, Jueces sustitutos<\/td>\n<\/tr>\n<tr>\n<td valign=\"top\" bgcolor=\"#e3e4e6\" width=\"180\">\u00a0<strong>Texto<\/strong><\/td>\n<td valign=\"top\" width=\"404\">Se manda que al concederse\u00a0a un Juez de primera instancia licencia para ausentarse del juzgado, se nombrar\u00e1 por el Ministerio de Gracia y Justicia el que haya de sustituirle, y que en el mismo nombramiento se se\u00f1alar\u00e1 el sueldo de que ha de disfrutar.<\/td>\n<\/tr>\n<tr>\n<td valign=\"top\" bgcolor=\"#e3e4e6\" width=\"180\">\u00a0<strong>Tipo de Norma<\/strong><\/td>\n<td valign=\"top\" width=\"404\">Real Decreto<\/td>\n<\/tr>\n<tr>\n<td valign=\"top\" bgcolor=\"#e3e4e6\" width=\"180\">\u00a0<strong>Fecha\u00a0<\/strong><\/td>\n<td valign=\"top\" width=\"404\">09-01-1852<\/td>\n<\/tr>\n<tr>\n<td valign=\"top\" bgcolor=\"#e3e4e6\" width=\"180\">\u00a0<strong>Instituci\u00f3n<\/strong><\/td>\n<td valign=\"top\" width=\"404\">Gobierno<\/td>\n<\/tr>\n<tr>\n<td valign=\"top\" bgcolor=\"#e3e4e6\" width=\"180\">\u00a0<strong>Fuente<\/strong><\/td>\n<td valign=\"top\" width=\"414\"><i>La Gazeta<\/i><\/td>\n<\/tr>\n<tr>\n<td valign=\"top\" bgcolor=\"#e3e4e6\" width=\"180\">\u00a0<strong>Documento<\/strong><\/td>\n<td valign=\"top\" width=\"404\"><a href=\"https:\/\/drive.google.com\/file\/d\/0B27DzfbcyPNBS1JvX01VRlpJUXc\/edit?usp=sharing\">\u00a0Enlace<\/a><\/td>\n<\/tr>\n<tr>\n<td valign=\"top\" bgcolor=\"#e3e4e6\" width=\"180\">\u00a0<strong>Debate Parlamentario<\/strong><\/td>\n<td valign=\"top\" width=\"404\">\u00a0Enlace<\/td>\n<\/tr>\n<\/tbody>\n<\/table>","protected":false},"excerpt":{"rendered":"<p>\u00a0 \u00a0Num. identificaci\u00f3n 5-113 \u00a0T\u00edtulo Jueces sustitutos \u00a0Materia Administraci\u00f3n de Justicia \u00a0Voces Nombramientos, Jueces sustitutos \u00a0Texto Se manda que al concederse\u00a0a un Juez de primera instancia licencia para ausentarse del juzgado, se nombrar\u00e1 por el Ministerio de Gracia y Justicia el que haya de sustituirle, y que en el mismo nombramiento se se\u00f1alar\u00e1 el sueldo [&hellip;]<\/p>\n","protected":false},"author":50,"featured_media":0,"comment_status":"closed","ping_status":"open","sticky":false,"template":"","format":"standard","meta":{"_et_pb_use_builder":"","_et_pb_old_content":"","_et_gb_content_width":"","_links_to":"","_links_to_target":""},"categories":[10],"tags":[634,623,627],"_links":{"self":[{"href":"https:\/\/legishca.umh.es\/en\/wp-json\/wp\/v2\/posts\/2012"}],"collection":[{"href":"https:\/\/legishca.umh.es\/en\/wp-json\/wp\/v2\/posts"}],"about":[{"href":"https:\/\/legishca.umh.es\/en\/wp-json\/wp\/v2\/types\/post"}],"author":[{"embeddable":true,"href":"https:\/\/legishca.umh.es\/en\/wp-json\/wp\/v2\/users\/50"}],"replies":[{"embeddable":true,"href":"https:\/\/legishca.umh.es\/en\/wp-json\/wp\/v2\/comments?post=2012"}],"version-history":[{"count":0,"href":"https:\/\/legishca.umh.es\/en\/wp-json\/wp\/v2\/posts\/2012\/revisions"}],"wp:attachment":[{"href":"https:\/\/legishca.umh.es\/en\/wp-json\/wp\/v2\/media?parent=2012"}],"wp:term":[{"taxonomy":"category","embeddable":true,"href":"https:\/\/legishca.umh.es\/en\/wp-json\/wp\/v2\/categories?post=2012"},{"taxonomy":"post_tag","embeddable":true,"href":"https:\/\/legishca.umh.es\/en\/wp-json\/wp\/v2\/tags?post=2012"}],"curies":[{"name":"wp","href":"https:\/\/api.w.org\/{rel}","templated":true}]}}