{"id":2002,"date":"1851-09-26T14:43:27","date_gmt":"1851-09-26T14:43:27","guid":{"rendered":"http:\/\/legishca.umh.es\/?p=2002"},"modified":"2018-12-05T08:44:59","modified_gmt":"2018-12-05T08:44:59","slug":"1851-09-26-se-nombra-a-alcaldes-y-tenientes-como-autoridades-judiciales","status":"publish","type":"post","link":"https:\/\/legishca.umh.es\/en\/1851\/09\/26\/1851-09-26-se-nombra-a-alcaldes-y-tenientes-como-autoridades-judiciales\/","title":{"rendered":"1851-09-26 Se Nombra a Alcaldes y Tenientes como autoridades judiciales"},"content":{"rendered":"<table width=\"690\" border=\"1\" cellspacing=\"0\" cellpadding=\"0\" align=\"left\">\n<tbody>\n<tr>\n<td rowspan=\"11\" valign=\"top\" width=\"173\">\u00a0<a href=\"http:\/\/legishca.umh.es\/files\/2014\/08\/1851-09-26-real-decreto-nombrando-a-alcaldes-y-tenientes-como-autoridades-judiciales_5-001.jpg\"><img loading=\"lazy\" class=\"alignnone size-medium wp-image-2003\" alt=\"1851-09-26 real decreto nombrando a alcaldes y tenientes como autoridades judiciales_5-001\" src=\"http:\/\/legishca.umh.es\/files\/2014\/08\/1851-09-26-real-decreto-nombrando-a-alcaldes-y-tenientes-como-autoridades-judiciales_5-001-211x300.jpg\" width=\"180\" height=\"300\" \/><\/a><\/td>\n<td valign=\"top\" bgcolor=\"#e3e4e6\" width=\"180\">\u00a0<strong>Num. identificaci\u00f3n<\/strong><\/td>\n<td valign=\"top\" width=\"404\">5-110<\/td>\n<\/tr>\n<tr>\n<td valign=\"top\" bgcolor=\"#e3e4e6\" width=\"180\">\u00a0<strong>T\u00edtulo<\/strong><\/td>\n<td valign=\"top\" width=\"404\">Atribuci\u00f3n de competencias judiciales<\/td>\n<\/tr>\n<tr>\n<td valign=\"top\" bgcolor=\"#e3e4e6\" width=\"180\">\u00a0<strong>Materia<\/strong><\/td>\n<td valign=\"top\" width=\"404\">Administraci\u00f3n de Justicia<\/td>\n<\/tr>\n<tr>\n<td bgcolor=\"#e3e4e6\" width=\"180\">\u00a0<strong>Voces<\/strong><\/td>\n<td width=\"404\">Alcaldes, tenientes, competencias judiciales<\/td>\n<\/tr>\n<tr>\n<td valign=\"top\" bgcolor=\"#e3e4e6\" width=\"180\">\u00a0<strong>Texto<\/strong><\/td>\n<td valign=\"top\" width=\"404\">Se dispone\u00a0que en las poblaciones \u00f3 distritos municipales en que cada Alcalde \u00f3 Teniente Alcalde tenga designada una demarcaci\u00f3n determinada, cada uno de ellos ejercer\u00e1 la jurisdicci\u00f3n judicial en el recinto de su demarcaci\u00f3n, sin poder delegarla<\/td>\n<\/tr>\n<tr>\n<td valign=\"top\" bgcolor=\"#e3e4e6\" width=\"180\">\u00a0<strong>Tipo de Norma<\/strong><\/td>\n<td valign=\"top\" width=\"404\">Real Decreto<\/td>\n<\/tr>\n<tr>\n<td valign=\"top\" bgcolor=\"#e3e4e6\" width=\"180\">\u00a0<strong>Fecha\u00a0<\/strong><\/td>\n<td valign=\"top\" width=\"404\">26-09-1851<\/td>\n<\/tr>\n<tr>\n<td valign=\"top\" bgcolor=\"#e3e4e6\" width=\"180\">\u00a0<strong>Instituci\u00f3n<\/strong><\/td>\n<td valign=\"top\" width=\"404\">Gobierno<\/td>\n<\/tr>\n<tr>\n<td valign=\"top\" bgcolor=\"#e3e4e6\" width=\"180\">\u00a0<strong>Fuente<\/strong><\/td>\n<td valign=\"top\" width=\"414\"><i>La Gazeta<\/i><\/td>\n<\/tr>\n<tr>\n<td valign=\"top\" bgcolor=\"#e3e4e6\" width=\"180\">\u00a0<strong>Documento<\/strong><\/td>\n<td valign=\"top\" width=\"404\"><a href=\"https:\/\/drive.google.com\/file\/d\/0B27DzfbcyPNBZ1h0M1RUSUMxQ1U\/edit?usp=sharing\">\u00a0Enlace<\/a><\/td>\n<\/tr>\n<tr>\n<td valign=\"top\" bgcolor=\"#e3e4e6\" width=\"180\">\u00a0<strong>Debate Parlamentario<\/strong><\/td>\n<td valign=\"top\" width=\"404\">\u00a0Enlace<\/td>\n<\/tr>\n<\/tbody>\n<\/table>","protected":false},"excerpt":{"rendered":"<p>\u00a0 \u00a0Num. identificaci\u00f3n 5-110 \u00a0T\u00edtulo Atribuci\u00f3n de competencias judiciales \u00a0Materia Administraci\u00f3n de Justicia \u00a0Voces Alcaldes, tenientes, competencias judiciales \u00a0Texto Se dispone\u00a0que en las poblaciones \u00f3 distritos municipales en que cada Alcalde \u00f3 Teniente Alcalde tenga designada una demarcaci\u00f3n determinada, cada uno de ellos ejercer\u00e1 la jurisdicci\u00f3n judicial en el recinto de su demarcaci\u00f3n, sin poder [&hellip;]<\/p>\n","protected":false},"author":50,"featured_media":0,"comment_status":"closed","ping_status":"open","sticky":false,"template":"","format":"standard","meta":{"_et_pb_use_builder":"","_et_pb_old_content":"","_et_gb_content_width":"","_links_to":"","_links_to_target":""},"categories":[10],"tags":[634,623,627],"_links":{"self":[{"href":"https:\/\/legishca.umh.es\/en\/wp-json\/wp\/v2\/posts\/2002"}],"collection":[{"href":"https:\/\/legishca.umh.es\/en\/wp-json\/wp\/v2\/posts"}],"about":[{"href":"https:\/\/legishca.umh.es\/en\/wp-json\/wp\/v2\/types\/post"}],"author":[{"embeddable":true,"href":"https:\/\/legishca.umh.es\/en\/wp-json\/wp\/v2\/users\/50"}],"replies":[{"embeddable":true,"href":"https:\/\/legishca.umh.es\/en\/wp-json\/wp\/v2\/comments?post=2002"}],"version-history":[{"count":0,"href":"https:\/\/legishca.umh.es\/en\/wp-json\/wp\/v2\/posts\/2002\/revisions"}],"wp:attachment":[{"href":"https:\/\/legishca.umh.es\/en\/wp-json\/wp\/v2\/media?parent=2002"}],"wp:term":[{"taxonomy":"category","embeddable":true,"href":"https:\/\/legishca.umh.es\/en\/wp-json\/wp\/v2\/categories?post=2002"},{"taxonomy":"post_tag","embeddable":true,"href":"https:\/\/legishca.umh.es\/en\/wp-json\/wp\/v2\/tags?post=2002"}],"curies":[{"name":"wp","href":"https:\/\/api.w.org\/{rel}","templated":true}]}}