{"id":1968,"date":"1850-03-04T09:36:38","date_gmt":"1850-03-04T09:36:38","guid":{"rendered":"http:\/\/legishca.umh.es\/?p=1968"},"modified":"2018-12-05T08:41:43","modified_gmt":"2018-12-05T08:41:43","slug":"1850-03-04-presidentes-del-tribunal-supremo-y-de-la-audiencias","status":"publish","type":"post","link":"https:\/\/legishca.umh.es\/en\/1850\/03\/04\/1850-03-04-presidentes-del-tribunal-supremo-y-de-la-audiencias\/","title":{"rendered":"1850-03-04 Presidentes del Tribunal Supremo y de la Audiencias"},"content":{"rendered":"\u00a0<\/p>\n<table width=\"690\" border=\"1\" cellspacing=\"0\" cellpadding=\"0\" align=\"left\">\n<tbody>\n<tr>\n<td rowspan=\"11\" valign=\"top\" width=\"173\">\u00a0<a href=\"http:\/\/legishca.umh.es\/files\/2014\/08\/1850-03-04-real-decreto-sobre-los-presidentes-del-tribunal-supremo-y-de-la-audiencias_1-001.jpg\"><img loading=\"lazy\" class=\"alignnone size-medium wp-image-1983\" alt=\"1850-03-04 real decreto sobre los presidentes del tribunal supremo y de la audiencias_1-001\" src=\"http:\/\/legishca.umh.es\/files\/2014\/08\/1850-03-04-real-decreto-sobre-los-presidentes-del-tribunal-supremo-y-de-la-audiencias_1-001-211x300.jpg\" width=\"180\" height=\"300\" \/><\/a><\/td>\n<td valign=\"top\" bgcolor=\"#e3e4e6\" width=\"180\">\u00a0<strong>Num. identificaci\u00f3n<\/strong><\/td>\n<td valign=\"top\" width=\"404\">5-103<\/td>\n<\/tr>\n<tr>\n<td valign=\"top\" bgcolor=\"#e3e4e6\" width=\"180\">\u00a0<strong>T\u00edtulo<\/strong><\/td>\n<td valign=\"top\" width=\"404\">Presidentes de Sala<\/td>\n<\/tr>\n<tr>\n<td valign=\"top\" bgcolor=\"#e3e4e6\" width=\"180\">\u00a0<strong>Materia<\/strong><\/td>\n<td valign=\"top\" width=\"404\">Administraci\u00f3n de Justicia<\/td>\n<\/tr>\n<tr>\n<td bgcolor=\"#e3e4e6\" width=\"180\">\u00a0<strong>Voces<\/strong><\/td>\n<td width=\"404\">Tribunal Supremo, Audiencias, Presidentes<\/td>\n<\/tr>\n<tr>\n<td valign=\"top\" bgcolor=\"#e3e4e6\" width=\"180\">\u00a0<strong>Texto<\/strong><\/td>\n<td valign=\"top\" width=\"404\">Se dispone\u00a0que los Presidentes de Sala del Tribunal Supremo de Justicia y de las Audiencias territoriales ejercer\u00e1n indistintamente las funciones de su cargo en la Sala donde lo reclame el mejor servicio, seg\u00fan se disponga por Reales \u00f3rdenes especiales.<\/td>\n<\/tr>\n<tr>\n<td valign=\"top\" bgcolor=\"#e3e4e6\" width=\"180\">\u00a0<strong>Tipo de Norma<\/strong><\/td>\n<td valign=\"top\" width=\"404\">Real Decreto<\/td>\n<\/tr>\n<tr>\n<td valign=\"top\" bgcolor=\"#e3e4e6\" width=\"180\">\u00a0<strong>Fecha\u00a0<\/strong><\/td>\n<td valign=\"top\" width=\"404\">04-03-1850<\/td>\n<\/tr>\n<tr>\n<td valign=\"top\" bgcolor=\"#e3e4e6\" width=\"180\">\u00a0<strong>Instituci\u00f3n<\/strong><\/td>\n<td valign=\"top\" width=\"404\">Gobierno<\/td>\n<\/tr>\n<tr>\n<td valign=\"top\" bgcolor=\"#e3e4e6\" width=\"180\">\u00a0<strong>Fuente<\/strong><\/td>\n<td valign=\"top\" width=\"414\"><i>La Gazeta<\/i><\/td>\n<\/tr>\n<tr>\n<td valign=\"top\" bgcolor=\"#e3e4e6\" width=\"180\">\u00a0<strong>Documento<\/strong><\/td>\n<td valign=\"top\" width=\"404\">\u00a0<a href=\"https:\/\/drive.google.com\/file\/d\/0B27DzfbcyPNBTWdIV3hEbzZrMHM\/edit?usp=sharing\">Enlace<\/a><\/td>\n<\/tr>\n<tr>\n<td valign=\"top\" bgcolor=\"#e3e4e6\" width=\"180\">\u00a0<strong>Debate Parlamentario<\/strong><\/td>\n<td valign=\"top\" width=\"404\">\u00a0Enlace<\/td>\n<\/tr>\n<\/tbody>\n<\/table>","protected":false},"excerpt":{"rendered":"<p>\u00a0 \u00a0 \u00a0Num. identificaci\u00f3n 5-103 \u00a0T\u00edtulo Presidentes de Sala \u00a0Materia Administraci\u00f3n de Justicia \u00a0Voces Tribunal Supremo, Audiencias, Presidentes \u00a0Texto Se dispone\u00a0que los Presidentes de Sala del Tribunal Supremo de Justicia y de las Audiencias territoriales ejercer\u00e1n indistintamente las funciones de su cargo en la Sala donde lo reclame el mejor servicio, seg\u00fan se disponga por [&hellip;]<\/p>\n","protected":false},"author":50,"featured_media":0,"comment_status":"closed","ping_status":"open","sticky":false,"template":"","format":"standard","meta":{"_et_pb_use_builder":"","_et_pb_old_content":"","_et_gb_content_width":"","_links_to":"","_links_to_target":""},"categories":[10],"tags":[634,623,627],"_links":{"self":[{"href":"https:\/\/legishca.umh.es\/en\/wp-json\/wp\/v2\/posts\/1968"}],"collection":[{"href":"https:\/\/legishca.umh.es\/en\/wp-json\/wp\/v2\/posts"}],"about":[{"href":"https:\/\/legishca.umh.es\/en\/wp-json\/wp\/v2\/types\/post"}],"author":[{"embeddable":true,"href":"https:\/\/legishca.umh.es\/en\/wp-json\/wp\/v2\/users\/50"}],"replies":[{"embeddable":true,"href":"https:\/\/legishca.umh.es\/en\/wp-json\/wp\/v2\/comments?post=1968"}],"version-history":[{"count":0,"href":"https:\/\/legishca.umh.es\/en\/wp-json\/wp\/v2\/posts\/1968\/revisions"}],"wp:attachment":[{"href":"https:\/\/legishca.umh.es\/en\/wp-json\/wp\/v2\/media?parent=1968"}],"wp:term":[{"taxonomy":"category","embeddable":true,"href":"https:\/\/legishca.umh.es\/en\/wp-json\/wp\/v2\/categories?post=1968"},{"taxonomy":"post_tag","embeddable":true,"href":"https:\/\/legishca.umh.es\/en\/wp-json\/wp\/v2\/tags?post=1968"}],"curies":[{"name":"wp","href":"https:\/\/api.w.org\/{rel}","templated":true}]}}