{"id":1765,"date":"1840-01-11T10:06:03","date_gmt":"1840-01-11T10:06:03","guid":{"rendered":"http:\/\/legishca.umh.es\/?p=1765"},"modified":"2018-12-04T10:56:24","modified_gmt":"2018-12-04T10:56:24","slug":"1840-01-11-persecucion-de-delitos-y-el-mantenimiento-del-orden-publico","status":"publish","type":"post","link":"https:\/\/legishca.umh.es\/en\/1840\/01\/11\/1840-01-11-persecucion-de-delitos-y-el-mantenimiento-del-orden-publico\/","title":{"rendered":"1840-01-11 Persecuci\u00f3n de delitos y el mantenimiento del orden publico"},"content":{"rendered":"<table width=\"690\" border=\"1\" cellspacing=\"0\" cellpadding=\"0\" align=\"left\">\n<tbody>\n<tr>\n<td rowspan=\"11\" valign=\"top\" width=\"173\">\u00a0<a href=\"http:\/\/legishca.umh.es\/files\/2014\/08\/1840-01-11-Real-Orden-para-la-persecuci\u00f3n-de-delitos-y-el-mantenimiento-del-orden-publico.jpg\"><img loading=\"lazy\" class=\"alignnone size-medium wp-image-1766\" alt=\"1840-01-11 Real Orden para la persecuci\u00f3n de delitos y el mantenimiento del orden publico\" src=\"http:\/\/legishca.umh.es\/files\/2014\/08\/1840-01-11-Real-Orden-para-la-persecuci\u00f3n-de-delitos-y-el-mantenimiento-del-orden-publico-211x300.jpg\" width=\"180\" height=\"300\" \/><\/a><\/td>\n<td valign=\"top\" bgcolor=\"#e3e4e6\" width=\"180\">\u00a0<strong>Num. identificaci\u00f3n<\/strong><\/td>\n<td valign=\"top\" width=\"404\">\u00a05-81<\/td>\n<\/tr>\n<tr>\n<td valign=\"top\" bgcolor=\"#e3e4e6\" width=\"180\">\u00a0<strong>T\u00edtulo<\/strong><\/td>\n<td valign=\"top\" width=\"404\">Orden P\u00fablico<\/td>\n<\/tr>\n<tr>\n<td valign=\"top\" bgcolor=\"#e3e4e6\" width=\"180\">\u00a0<strong>Materia<\/strong><\/td>\n<td valign=\"top\" width=\"404\">Administraci\u00f3n de Justicia<\/td>\n<\/tr>\n<tr>\n<td bgcolor=\"#e3e4e6\" width=\"180\">\u00a0<strong>Voces<\/strong><\/td>\n<td width=\"404\">Persecuci\u00f3n de delitos, orden publico<\/td>\n<\/tr>\n<tr>\n<td valign=\"top\" bgcolor=\"#e3e4e6\" width=\"180\">\u00a0<strong>Texto<\/strong><\/td>\n<td valign=\"top\" width=\"404\">En vista de la imposibilidad de administrar justiciaa por falta de seguridad y protecci\u00f3n esta real orden se dirige a los fiscales, jueces y tribunales para que desplieguen toda la energ\u00eda y actividad que reclaman las circunstancias para la persecuci\u00f3n de los delitos, aun los m\u00e1s peque\u00f1os, toda vez que atenten contra el \u00f3rden p\u00fablico.<\/td>\n<\/tr>\n<tr>\n<td valign=\"top\" bgcolor=\"#e3e4e6\" width=\"180\">\u00a0<strong>Tipo de Norma<\/strong><\/td>\n<td valign=\"top\" width=\"404\">Real Decreto<\/td>\n<\/tr>\n<tr>\n<td valign=\"top\" bgcolor=\"#e3e4e6\" width=\"180\">\u00a0<strong>Fecha\u00a0<\/strong><\/td>\n<td valign=\"top\" width=\"404\">11-01-1840<\/td>\n<\/tr>\n<tr>\n<td valign=\"top\" bgcolor=\"#e3e4e6\" width=\"180\">\u00a0<strong>Instituci\u00f3n<\/strong><\/td>\n<td valign=\"top\" width=\"404\">Gobierno<\/td>\n<\/tr>\n<tr>\n<td valign=\"top\" bgcolor=\"#e3e4e6\" width=\"180\">\u00a0<strong>Fuente<\/strong><\/td>\n<td valign=\"top\" width=\"414\"><i>La Gazeta<\/i><\/td>\n<\/tr>\n<tr>\n<td valign=\"top\" bgcolor=\"#e3e4e6\" width=\"180\">\u00a0<strong>Documento<\/strong><\/td>\n<td valign=\"top\" width=\"404\"><a href=\"https:\/\/drive.google.com\/file\/d\/0B27DzfbcyPNBOXNGNFV2Z1FHY0U\/edit?usp=sharing\">\u00a0Enlace<\/a><\/td>\n<\/tr>\n<tr>\n<td valign=\"top\" bgcolor=\"#e3e4e6\" width=\"180\">\u00a0<strong>Debate Parlamentario<\/strong><\/td>\n<td valign=\"top\" width=\"404\">\u00a0Enlace<\/td>\n<\/tr>\n<\/tbody>\n<\/table>","protected":false},"excerpt":{"rendered":"<p>\u00a0 \u00a0Num. identificaci\u00f3n \u00a05-81 \u00a0T\u00edtulo Orden P\u00fablico \u00a0Materia Administraci\u00f3n de Justicia \u00a0Voces Persecuci\u00f3n de delitos, orden publico \u00a0Texto En vista de la imposibilidad de administrar justiciaa por falta de seguridad y protecci\u00f3n esta real orden se dirige a los fiscales, jueces y tribunales para que desplieguen toda la energ\u00eda y actividad que reclaman las circunstancias [&hellip;]<\/p>\n","protected":false},"author":50,"featured_media":0,"comment_status":"closed","ping_status":"open","sticky":false,"template":"","format":"standard","meta":{"_et_pb_use_builder":"","_et_pb_old_content":"","_et_gb_content_width":"","_links_to":"","_links_to_target":""},"categories":[10],"tags":[623,627,632],"_links":{"self":[{"href":"https:\/\/legishca.umh.es\/en\/wp-json\/wp\/v2\/posts\/1765"}],"collection":[{"href":"https:\/\/legishca.umh.es\/en\/wp-json\/wp\/v2\/posts"}],"about":[{"href":"https:\/\/legishca.umh.es\/en\/wp-json\/wp\/v2\/types\/post"}],"author":[{"embeddable":true,"href":"https:\/\/legishca.umh.es\/en\/wp-json\/wp\/v2\/users\/50"}],"replies":[{"embeddable":true,"href":"https:\/\/legishca.umh.es\/en\/wp-json\/wp\/v2\/comments?post=1765"}],"version-history":[{"count":0,"href":"https:\/\/legishca.umh.es\/en\/wp-json\/wp\/v2\/posts\/1765\/revisions"}],"wp:attachment":[{"href":"https:\/\/legishca.umh.es\/en\/wp-json\/wp\/v2\/media?parent=1765"}],"wp:term":[{"taxonomy":"category","embeddable":true,"href":"https:\/\/legishca.umh.es\/en\/wp-json\/wp\/v2\/categories?post=1765"},{"taxonomy":"post_tag","embeddable":true,"href":"https:\/\/legishca.umh.es\/en\/wp-json\/wp\/v2\/tags?post=1765"}],"curies":[{"name":"wp","href":"https:\/\/api.w.org\/{rel}","templated":true}]}}